{"id":10177,"date":"2022-06-06T17:37:57","date_gmt":"2022-06-06T14:37:57","guid":{"rendered":"https:\/\/aura-istanbul.com\/?p=10177"},"modified":"2022-06-06T17:37:57","modified_gmt":"2022-06-06T14:37:57","slug":"cumartesi-aurasi-emre-zeytinoglu","status":"publish","type":"post","link":"https:\/\/aura-istanbul.com\/index.php\/2022\/06\/06\/cumartesi-aurasi-emre-zeytinoglu\/","title":{"rendered":"Cumartesi Auras\u0131: Emre Zeytino\u011flu &#8220;Benim Gibi Makineler&#8221; ve Onlar\u0131n Sanat\u0131"},"content":{"rendered":"<div class=\"g-group l-lg-mar-bot-6 l-md-mar-bot-4 \">\n<div class=\"g-cell g-cell-10-12 g-cell-md-1-1\">\n<div class=\"has-user-generated-content\">\n<div class=\"text-body-medium\" data-automation=\"listing-event-description\">\n<div class=\"g-group l-lg-mar-bot-6 l-md-mar-bot-4 \">\n<div class=\"g-cell g-cell-10-12 g-cell-md-1-1\">\n<div class=\"has-user-generated-content\">\n<div class=\"text-body-medium\" data-automation=\"listing-event-description\">\n<div class=\"g-group l-lg-mar-bot-6 l-md-mar-bot-4 \">\n<div class=\"g-cell g-cell-10-12 g-cell-md-1-1\">\n<div class=\"has-user-generated-content\">\n<div class=\"text-body-medium\" data-automation=\"listing-event-description\">\n<div class=\"kvgmc6g5 cxmmr5t8 oygrvhab hcukyx3x c1et5uql ii04i59q\">\n<div dir=\"auto\">\n<div class=\"structured-content-rich-text structured-content__module l-align-left l-mar-vert-6 l-sm-mar-vert-4 text-body-medium\">\n<div class=\"g-group l-lg-mar-bot-6 l-md-mar-bot-4 \">\n<div class=\"g-cell g-cell-10-12 g-cell-md-1-1\">\n<div class=\"has-user-generated-content\">\n<div class=\"text-body-medium\" data-automation=\"listing-event-description\">\n<div class=\"structured-content-rich-text structured-content__module l-align-left l-mar-vert-6 l-sm-mar-vert-4 text-body-medium\">\n<div class=\"g-group l-lg-mar-bot-6 l-md-mar-bot-4 l-pad-bot-6\">\n<div class=\"g-cell g-cell-10-12 g-cell-md-1-1\">\n<div class=\"has-user-generated-content\">\n<p class=\"text-body-medium\" data-automation=\"listing-event-description\"><strong>AURA \u0130stanbul&#8217;un Bahar\u201922 D\u00f6nemi kapsam\u0131ndaki son konferans\u0131, 11 Haziran Cumartesi g\u00fcn\u00fc Emre Zeytino\u011flu&#8217;nun kat\u0131l\u0131m\u0131 ile ger\u00e7ekle\u015fiyor&#8230;<\/p>\n<p><\/strong>\u0130stanbul Mimarl\u0131k ve \u015eehircilik Ara\u015ft\u0131rmalar\u0131 Akademisi &#8211; AURA \u0130stanbul taraf\u0131ndan, 2017 y\u0131l\u0131ndan itibaren d\u00fczenli olarak organize edilen disiplinleraras\u0131 konferans dizisi, Cumartesi Auras\u0131; sanat\u00e7\u0131 ve yazar\u00a0<strong>Emre Zeytino\u011flu<\/strong>&#8216;nu konuk ediyor.<\/p>\n<\/div>\n<\/div>\n<\/div>\n<div class=\"g-group l-mar-bot-6 l-sm-mar-bot-4\">\n<div class=\"structured-content g-cell g-cell-10-12 g-cell-md-1-1\">\n<div class=\"has-user-generated-content\" data-automation=\"about-this-event-sc\">\n<div class=\"structured-content-rich-text structured-content__module l-align-left l-mar-vert-6 l-sm-mar-vert-4 text-body-medium\">\n<div class=\"eds-l-mar-vert-6 eds-l-sm-mar-vert-4 eds-text-bm structured-content-rich-text\">\n<div class=\"eds-text--left\">\n<p>&#8220;Benim Gibi Makineler&#8221; ve Onlar\u0131n Sanat\u0131, ba\u015fl\u0131kl\u0131 konferans\u00a0<strong>11 Haziran Cumartesi g\u00fcn\u00fc saat 16.00&#8217;da\u00a0<\/strong>Zoom platformunda d\u00fczenlenecek.<\/p>\n<p><a href=\"https:\/\/dacistanbul.com\/\" target=\"_blank\" rel=\"nofollow noopener noreferrer\"><strong>DAC \u0130stanbul<\/strong>\u00a0<\/a>deste\u011fiyle ger\u00e7ekle\u015fen etkinli\u011fe kat\u0131l\u0131m herkese a\u00e7\u0131k ve \u00fccretsiz olacak. Eventbrite \u00fczerinden kay\u0131t olan kat\u0131l\u0131mc\u0131lara Zoom oturum linki e-posta yoluyla iletilecek.<\/p>\n<p><strong>&#8220;Benim Gibi Makineler&#8221; ve Onlar\u0131n Sanat\u0131<\/strong><\/p>\n<\/div>\n<\/div>\n<div class=\"eds-l-mar-vert-6 eds-l-sm-mar-vert-4 eds-text-bm structured-content-rich-text\">\n<div class=\"eds-text--left\">\n<p>Bu konu\u015fma, sanayile\u015fmeden ba\u015flayarak teknoloji toplumlar\u0131na ula\u015fan s\u00fcre\u00e7te, \u00f6znenin ve buna ba\u011fl\u0131 olarak h\u00fcmanizmin de\u011fi\u015fen tan\u0131mlar\u0131n\u0131 temel al\u0131yor ve bu ba\u011flamda sanat\u0131 ve esteti\u011fi yeniden tan\u0131ml\u0131yor.<\/p>\n<p>\u00d6zellikle &#8220;robot teknolojileri&#8221;nin tarihine g\u00f6nderme yapan s\u00f6z konusu konu\u015fma, insan\u0131 and\u0131ran makinelerden ve &#8220;yararl\u0131 protezler&#8221;den yapay zek\u00e2ya uzanan bir yolu izliyor ve o s\u0131rada da \u00e7a\u011fda\u015f sanatta ortaya \u00e7\u0131kan yeni yakla\u015f\u0131mlar\u0131 yorumluyor.<\/p>\n<p>Not: Yukar\u0131da belirtilen ba\u015fl\u0131ktaki \u201cBenim Gibi Makineler\u201d, Ian McEwan\u2019\u0131n roman\u0131ndan al\u0131nm\u0131\u015ft\u0131r.<\/p>\n<p><strong>Emre Zeytino\u011flu<\/strong>\u00a0(1955, \u0130stanbul)<\/p>\n<\/div>\n<\/div>\n<div class=\"eds-l-mar-vert-6 eds-l-sm-mar-vert-4 eds-text-bm structured-content-rich-text\">\n<div class=\"eds-text--left\">\n<p>1980 y\u0131l\u0131nda \u0130stanbul Devlet G\u00fczel Sanatlar Akademisi\u2019nden mezun oldu. Sanat alan\u0131nda sergi, kitap, dergi-gazete yaz\u0131lar\u0131 ve radyo programlar\u0131 gibi farkl\u0131 t\u00fcrlerde \u00fcretimler ger\u00e7ekle\u015ftiren Zeytino\u011flu, Mimar Sinan G\u00fczel Sanatlar \u00dcniversitesi ve Marmara \u00dcniversitesi\u2019nde dersler verdi. Ayr\u0131ca arkeolojik yerle\u015fim alanlar\u0131 \u00fczerine de televizyon belgeselleri yapt\u0131.<\/p>\n<p>Bug\u00fcne dek yay\u0131mlanm\u0131\u015f baz\u0131 kitaplar\u0131 aras\u0131nda\u00a0<a href=\"https:\/\/www.literatur.com.tr\/kentin-labirenti\" target=\"_blank\" rel=\"nofollow noopener noreferrer\">Kentin Labirenti ya da St. Louis\u2019deki \u0130yonik S\u00fctun\u00a0<\/a>(2021, Literat\u00fcr Yay.)\u00a0<a href=\"https:\/\/www.espaskitap.com\/sanatin-karanligi.php\" target=\"_blank\" rel=\"nofollow noopener noreferrer\">Sanat\u0131n Karanl\u0131\u011f\u0131\u00a0<\/a>(2020, Espas Yay.), Sanat, Baz\u0131 \u015eeyler ve Ele\u015ftiri (2017, Corpus Yay.),\u00a0<a href=\"https:\/\/www.ayrintiyayinlari.com.tr\/kitap\/iktidarsizligin-iktidari-ve-sanat\/597\" target=\"_blank\" rel=\"nofollow noopener noreferrer\">\u0130ktidars\u0131zl\u0131\u011f\u0131n \u0130ktidar\u0131 ve Sanat\u00a0<\/a>(2014, Ayr\u0131nt\u0131 Yay.),<a href=\"https:\/\/www.baglam.com\/home\/book\/sanat-uzerine-yersiz-yorumlar\" target=\"_blank\" rel=\"nofollow noopener noreferrer\">\u00a0Sanat \u00dczerine Yersiz Yorumlar<\/a>\u00a0(2008, Ba\u011flam Yay.),\u00a0<a href=\"http:\/\/www.telosyayincilik.com\/uyku-tulumunda-spor-2\/\" target=\"_blank\" rel=\"nofollow noopener noreferrer\">Uyku Tulumunda Spor\u00a0<\/a>(2004, Telos Yay.),\u00a0<a href=\"https:\/\/www.baglam.com\/home\/book\/sanatin-suc-ortakliklari\" target=\"_blank\" rel=\"nofollow noopener noreferrer\">Sanat\u0131n Su\u00e7 Ortakl\u0131klar\u0131<\/a>\u00a0(2003,Ba\u011flam Yay. ve 2016, Belge Yay.) yer almaktad\u0131r.<\/p>\n<p><strong>Cumartesi Auras\u0131<\/strong><\/p>\n<\/div>\n<\/div>\n<div class=\"eds-l-mar-vert-6 eds-l-sm-mar-vert-4 eds-text-bm structured-content-rich-text\">\n<div class=\"eds-text--left\">\n<p>Cumartesi Auras\u0131, \u0130stanbul Mimarl\u0131k ve \u015eehircilik Ara\u015ft\u0131rmalar\u0131 Akademisi \u2013 AURA \u0130stanbul\u2019un Sertifika Program\u0131 kapsam\u0131nda, program kat\u0131l\u0131mc\u0131lar\u0131na y\u00f6nelik d\u00fczenlenen disiplinler aras\u0131 nitelikteki konferans dizisidir. Mimarl\u0131k, \u015fehircilik, sanat, edebiyat, teknoloji ve felsefe dallar\u0131nda tart\u0131\u015fma, bulu\u015fma ve fark\u0131ndal\u0131k ortam\u0131 olu\u015fturmay\u0131 hedefler.<\/p>\n<p>2017 y\u0131l\u0131ndan bug\u00fcne herkesin kat\u0131l\u0131m\u0131na a\u00e7\u0131k ve \u00fccretsiz olarak d\u00fczenlenen Cumartesi Auras\u0131, 2020 y\u0131l\u0131 Nisan ay\u0131 itibariyle dijital platformlarda ger\u00e7ekle\u015fmektedir.<\/p>\n<p>Cumartesi Auras\u0131 etkinlik ar\u015fivine ula\u015fmak ve AURA \u0130stanbul Youtube kanal\u0131 \u00fczerinden izlemek i\u00e7in\u00a0<a href=\"https:\/\/www.youtube.com\/playlist?list=PL2BKzkLHqq-c6S9tg-5dz8sMfskkDbdsb\" target=\"_blank\" rel=\"nofollow noopener noreferrer\">t\u0131klay\u0131n<\/a>.<\/p>\n<\/div>\n<\/div>\n<\/div>\n<\/div>\n<\/div>\n<\/div>\n<\/div>\n<div class=\"structured-content-rich-text structured-content__module l-align-left l-mar-vert-6 l-sm-mar-vert-4 text-body-medium\">\n<p>&nbsp;<\/p>\n<\/div>\n<\/div>\n<\/div>\n<\/div>\n<\/div>\n<\/div>\n<\/div>\n<\/div>\n<\/div>\n<\/div>\n<\/div>\n<\/div>\n<\/div>\n<\/div>\n<\/div>\n<\/div>\n<\/div>\n<\/div>\n<\/div>\n<\/div>\n","protected":false},"excerpt":{"rendered":"<p>AURA \u0130stanbul&#8217;un Bahar\u201922 D\u00f6nemi kapsam\u0131ndaki son konferans\u0131, 11 Haziran Cumartesi g\u00fcn\u00fc Emre Zeytino\u011flu&#8217;nun kat\u0131l\u0131m\u0131 ile ger\u00e7ekle\u015fiyor&#8230; \u0130stanbul Mimarl\u0131k ve \u015eehircilik Ara\u015ft\u0131rmalar\u0131 Akademisi &#8211; AURA \u0130stanbul taraf\u0131ndan, 2017 y\u0131l\u0131ndan itibaren d\u00fczenli [&hellip;]<\/p>\n","protected":false},"author":7,"featured_media":10178,"comment_status":"closed","ping_status":"closed","sticky":false,"template":"","format":"standard","meta":{"_acf_changed":false,"_seopress_robots_primary_cat":"","_seopress_titles_title":"Cumartesi Auras\u0131: Emre Zeytino\u011flu &quot;Benim Gibi Makineler&quot; ve Onlar\u0131n Sanat\u0131 | %%sitetitle%%","_seopress_titles_desc":"AURA \u0130stanbul'un Bahar\u201922 D\u00f6nemi kapsam\u0131ndaki son konferans\u0131, 11 Haziran Cumartesi g\u00fcn\u00fc Emre Zeytino\u011flu'nun kat\u0131l\u0131m\u0131 ile ger\u00e7ekle\u015fiyor...","_seopress_robots_index":"","_price":"","_stock":"","_tribe_ticket_header":"","_tribe_default_ticket_provider":"","_tribe_ticket_capacity":"0","_ticket_start_date":"","_ticket_end_date":"","_tribe_ticket_show_description":"","_tribe_ticket_show_not_going":false,"_tribe_ticket_use_global_stock":"","_tribe_ticket_global_stock_level":"","_global_stock_mode":"","_global_stock_cap":"","_tribe_rsvp_for_event":"","_tribe_ticket_going_count":"","_tribe_ticket_not_going_count":"","_tribe_tickets_list":"[]","_tribe_ticket_has_attendee_info_fields":false,"_EventAllDay":false,"_EventTimezone":"","_EventStartDate":"","_EventEndDate":"","_EventStartDateUTC":"","_EventEndDateUTC":"","_EventShowMap":false,"_EventShowMapLink":false,"_EventURL":"","_EventCost":"","_EventCostDescription":"","_EventCurrencySymbol":"","_EventCurrencyCode":"","_EventCurrencyPosition":"","_EventDateTimeSeparator":"","_EventTimeRangeSeparator":"","_EventOrganizerID":[],"_EventVenueID":[],"_OrganizerEmail":"","_OrganizerPhone":"","_OrganizerWebsite":"","_VenueAddress":"","_VenueCity":"","_VenueCountry":"","_VenueProvince":"","_VenueState":"","_VenueZip":"","_VenuePhone":"","_VenueURL":"","_VenueStateProvince":"","_VenueLat":"","_VenueLng":"","_VenueShowMap":false,"_VenueShowMapLink":false,"footnotes":""},"categories":[55,75],"tags":[651,650,77,157,665,85,107,664],"class_list":["post-10177","post","type-post","status-publish","format-standard","has-post-thumbnail","hentry","category-cumartesi-aurasi","category-etkinlik","tag-architecture","tag-art","tag-cumartesi-aurasi","tag-emre-zeytinoglu","tag-estetik","tag-sanat","tag-tasarim","tag-yapay-zeka"],"acf":[],"_links":{"self":[{"href":"https:\/\/aura-istanbul.com\/index.php\/wp-json\/wp\/v2\/posts\/10177","targetHints":{"allow":["GET"]}}],"collection":[{"href":"https:\/\/aura-istanbul.com\/index.php\/wp-json\/wp\/v2\/posts"}],"about":[{"href":"https:\/\/aura-istanbul.com\/index.php\/wp-json\/wp\/v2\/types\/post"}],"author":[{"embeddable":true,"href":"https:\/\/aura-istanbul.com\/index.php\/wp-json\/wp\/v2\/users\/7"}],"replies":[{"embeddable":true,"href":"https:\/\/aura-istanbul.com\/index.php\/wp-json\/wp\/v2\/comments?post=10177"}],"version-history":[{"count":1,"href":"https:\/\/aura-istanbul.com\/index.php\/wp-json\/wp\/v2\/posts\/10177\/revisions"}],"predecessor-version":[{"id":10179,"href":"https:\/\/aura-istanbul.com\/index.php\/wp-json\/wp\/v2\/posts\/10177\/revisions\/10179"}],"wp:featuredmedia":[{"embeddable":true,"href":"https:\/\/aura-istanbul.com\/index.php\/wp-json\/wp\/v2\/media\/10178"}],"wp:attachment":[{"href":"https:\/\/aura-istanbul.com\/index.php\/wp-json\/wp\/v2\/media?parent=10177"}],"wp:term":[{"taxonomy":"category","embeddable":true,"href":"https:\/\/aura-istanbul.com\/index.php\/wp-json\/wp\/v2\/categories?post=10177"},{"taxonomy":"post_tag","embeddable":true,"href":"https:\/\/aura-istanbul.com\/index.php\/wp-json\/wp\/v2\/tags?post=10177"}],"curies":[{"name":"wp","href":"https:\/\/api.w.org\/{rel}","templated":true}]}}