{"id":10181,"date":"2023-06-14T17:18:00","date_gmt":"2023-06-14T14:18:00","guid":{"rendered":"https:\/\/aura-istanbul.com\/?p=10181"},"modified":"2023-11-23T15:30:59","modified_gmt":"2023-11-23T12:30:59","slug":"aura-crea-mugla-yagcilarhani-cevresi-tasarim-atolyesi","status":"publish","type":"post","link":"https:\/\/aura-istanbul.com\/index.php\/2023\/06\/14\/aura-crea-mugla-yagcilarhani-cevresi-tasarim-atolyesi\/","title":{"rendered":"AURA Crea \u201cMu\u011fla-Ya\u011fc\u0131lar Han\u0131 ve \u00c7evresi Kentsel Tasar\u0131m At\u00f6lyesi\u201d yar\u0131\u015fmas\u0131nda \u00f6d\u00fcl alan proje belli oldu!"},"content":{"rendered":"<p><em>AURA Crea \u201cMu\u011fla-Ya\u011fc\u0131lar Han\u0131 ve \u00c7evresi Kentsel Tasar\u0131m At\u00f6lyesi\u201d yar\u0131\u015fmas\u0131nda \u00f6d\u00fcl alan proje belli oldu!<\/em><\/p>\n<p>Sertifika Program\u0131 kat\u0131l\u0131mc\u0131lar\u0131m\u0131z, AURA \u0130stanbul ve Mu\u011fla Mente\u015fe Belediyesi partnerli\u011finde, <a href=\"https:\/\/www.dyo.com.tr\/\">DYO<\/a> deste\u011fiyle d\u00fczenlenen AURA Crea kapsam\u0131nda; Mu\u011fla\u2019da yer alan Ya\u011fc\u0131lar Han\u0131 ve \u00e7evresine y\u00f6nelik kentsel tasar\u0131m at\u00f6lyesi \u00e7al\u0131\u015fmalar\u0131n\u0131 tamamlad\u0131. \u00dc\u00e7 g\u00fcn s\u00fcren alan gezisi ard\u0131ndan yedi grup halinde \u00e7al\u0131\u015f\u0131ld\u0131. At\u00f6lye s\u00fcresince, Mu\u011fla kent merkezinin mimari kimli\u011finden ve tarihi kent dokusundan yola \u00e7\u0131k\u0131larak, <a href=\"https:\/\/www.dyo.com.tr\/\">DYO<\/a> boya \u00fcr\u00fcnleri ve renk kullan\u0131m\u0131 ile uygulanabilecek tasar\u0131mlar \u00fcretildi.<\/p>\n<p><strong>J\u00fcri De\u011ferlendirmesi<br \/>\n<\/strong><\/p>\n<p>D\u00fczenlenen at\u00f6lye\/yar\u0131\u015fma format\u0131ndaki <a href=\"https:\/\/aura-istanbul.com\/index.php\/aura-crea\/\">AURA Crea<\/a> etkinli\u011finin j\u00fcri \u00fcyeleri ise:<\/p>\n<ul>\n<li><span style=\"color: initial;\">Ersen G\u00fcrsel (Mimar, <\/span><a href=\"https:\/\/epamimarlik.com\/tr\/\">EPA <\/a><span style=\"color: initial;\">Mimarl\u0131k)<\/span><\/li>\n<li><span style=\"color: initial;\">Lory Zakar (Mimar, <\/span><a href=\"https:\/\/www.archista.com.tr\/tr\/\">Archista<\/a><span style=\"color: initial;\">)<\/span><\/li>\n<li><span style=\"color: initial;\">Erhan \u0130\u015f\u00f6zen (Mimar, AURA Istanbul Kurucu \u00dcyesi) <\/span><\/li>\n<li><span style=\"color: initial;\">Sinan \u0130zgi (Mimar, AURA Istanbul Kurucu \u00dcyesi) <\/span><\/li>\n<li><span style=\"color: initial;\">Alp Korkmaz (<\/span><a href=\"https:\/\/www.dyo.com.tr\/\">DYO<\/a><span style=\"color: initial;\"> \u0130n\u015faat Boyalar\u0131 Sat\u0131\u015f Direkt\u00f6r\u00fc)<\/span><\/li>\n<li><span style=\"color: initial;\">P\u0131nar \u015eim\u015fek (<\/span><a href=\"https:\/\/www.dyo.com.tr\/\">DYO<\/a><span style=\"color: initial;\"> Akademi M\u00fcd\u00fcr\u00fc)<\/span><\/li>\n<\/ul>\n<p><span style=\"font-size: revert; color: initial;\">J\u00fcri de\u011ferlendirmesi ard\u0131ndan <\/span><strong style=\"font-size: revert; color: initial;\">Do\u011fukan Kurt<\/strong><span style=\"font-size: revert; color: initial;\"> ve <\/span><strong style=\"font-size: revert; color: initial;\">Su Sezer<\/strong><span style=\"font-size: revert; color: initial;\"> &#8220;\u0130z&#8217;in De\u015fifresi&#8221; projeleri ile 20.000 tl de\u011ferindeki ba\u015far\u0131 \u00f6d\u00fcl\u00fcn\u00fc kazand\u0131. 10.000 tl de\u011ferindeki j\u00fcri \u00f6zel \u00f6d\u00fcl\u00fcn\u00fc ise <\/span><strong style=\"font-size: revert; color: initial;\">Arz Minta\u015f<\/strong><span style=\"font-size: revert; color: initial;\"> ve <\/span><strong style=\"font-size: revert; color: initial;\">Zeynep Y\u0131lmaz<\/strong><span style=\"font-size: revert; color: initial;\">&#8216;\u0131n tasarlad\u0131\u011f\u0131 &#8220;E\u015fik&#8221; projesi kazand\u0131.<\/span><\/p>\n<p>T\u00fcm kat\u0131l\u0131mc\u0131lar\u0131m\u0131za Arketon&#8217;dan Modernin Pe\u015finde \u00dc\u00e7 Viyanal\u0131 Kitap Seti ve Lamy Joy Dolma Kalem hediye edildi. De\u011ferli j\u00fcri \u00fcyelerimize ise Cam Sanat\u00e7\u0131s\u0131 Meral De\u011fer&#8217;in tasar\u0131m\u0131n\u0131 Cam Oca\u011f\u0131 Vakf\u0131&#8217;na ba\u011f\u0131\u015flad\u0131\u011f\u0131 \u0130stanbul Kumrular\u0131 Koleksiyonu&#8217;ndan renkli eserler hediye edildi.<\/p>\n<p>Emekleri i\u00e7in t\u00fcm kat\u0131l\u0131mc\u0131lar\u0131m\u0131z\u0131 kutlar\u0131z! Katk\u0131lar\u0131 i\u00e7in de\u011ferli j\u00fcri \u00fcyelerimize, Mu\u011fla Mente\u015fe Belediyesi&#8217;ne ve destekleri i\u00e7in <a href=\"https:\/\/www.dyo.com.tr\/\">DYO<\/a>&#8216;ya te\u015fekk\u00fcr ederiz.<\/p>\n<hr \/>\n<h3><strong>Projeler:<\/strong><\/h3>\n<p><strong>\u0130z\u2019in De\u015fifresi<\/strong><\/p>\n<p>Do\u011fukan Kurt, Su Sezer<\/p>\n<p><em><strong>Ba\u015far\u0131 \u00d6d\u00fcl\u00fc<\/strong><\/em><\/p>\n<p><img loading=\"lazy\" decoding=\"async\" class=\"alignnone wp-image-11851 size-medium\" src=\"https:\/\/aura-istanbul.com\/wp-content\/uploads\/2022\/06\/1-Bolge-Dogukan-Kurt_Su-Sezer-birincilik-odulu-896x1280.jpg\" alt=\"\" width=\"896\" height=\"1280\" srcset=\"https:\/\/aura-istanbul.com\/wp-content\/uploads\/2022\/06\/1-Bolge-Dogukan-Kurt_Su-Sezer-birincilik-odulu-896x1280.jpg 896w, https:\/\/aura-istanbul.com\/wp-content\/uploads\/2022\/06\/1-Bolge-Dogukan-Kurt_Su-Sezer-birincilik-odulu-1344x1920.jpg 1344w, https:\/\/aura-istanbul.com\/wp-content\/uploads\/2022\/06\/1-Bolge-Dogukan-Kurt_Su-Sezer-birincilik-odulu-756x1080.jpg 756w, https:\/\/aura-istanbul.com\/wp-content\/uploads\/2022\/06\/1-Bolge-Dogukan-Kurt_Su-Sezer-birincilik-odulu-768x1097.jpg 768w, https:\/\/aura-istanbul.com\/wp-content\/uploads\/2022\/06\/1-Bolge-Dogukan-Kurt_Su-Sezer-birincilik-odulu-1075x1536.jpg 1075w, https:\/\/aura-istanbul.com\/wp-content\/uploads\/2022\/06\/1-Bolge-Dogukan-Kurt_Su-Sezer-birincilik-odulu-1434x2048.jpg 1434w, https:\/\/aura-istanbul.com\/wp-content\/uploads\/2022\/06\/1-Bolge-Dogukan-Kurt_Su-Sezer-birincilik-odulu-scaled.jpg 1792w\" sizes=\"auto, (max-width: 896px) 100vw, 896px\" \/><\/p>\n<p>Ya\u011fc\u0131lar Han\u2019\u0131n \u00f6n\u00fcnde, ad\u0131n\u0131 g\u00fcney d\u00fc\u011f\u00fcm\u00fcnde bulunan Kur\u015funlu Camii\u2019den alan Kur\u015funlu Soka\u011fa kurulan, Per\u015fembe Pazar\u0131\u2019n\u0131n bir par\u00e7as\u0131 olan, genellikle k\u0131yafet sat\u0131lan sosyete pazar\u0131 \u00fczerine analizler yap\u0131ld\u0131. \u00d6ncelikle alan\u0131n problemleri tespit edildi; Kur\u015funlu Sokak, Mente\u015fe\u2019nin merkezindeki trafik ak\u0131\u015f\u0131n\u0131n b\u00fcy\u00fck bir k\u0131sm\u0131n\u0131 s\u0131rtlan\u0131yor, kuzeyden inen ak\u0131\u015f\u0131 tek y\u00f6nl\u00fc bir \u015fekilde ta\u015f\u0131yor, yer yer ceplenmelerle 2 \u015feritli bir yola d\u00f6n\u00fc\u015fm\u00fc\u015f, ancak pazar kuruldu\u011fu g\u00fcn tek \u015feritli bir yola d\u00f6n\u00fc\u015f\u00fcyor. Sokak kesitinin \u00fcst \u00f6l\u00e7ek kararlar\u0131ndan dolay\u0131 olu\u015fan problemleri belirlendi; pazar\u0131 gezen yayalar\u0131n ara\u00e7 trafi\u011fiyle \u00e7ak\u0131\u015fmas\u0131, bat\u0131 cephesindeki statik kullan\u0131m i\u00e7in yar\u0131 a\u00e7\u0131k mekan ihtiyac\u0131 olan ticari kullan\u0131mlar\u0131n bina \u00f6n\u00fcnde kullanacaklar\u0131 bir alan\u0131n tahsis edilmemi\u015f olmas\u0131 ve yol kenar\u0131na park edilmi\u015f ara\u00e7lar\u0131n bu tarihi dokudaki deneyimi engelliyor olmas\u0131. Alandaki bu problemleri \u00e7\u00f6zebilmek amac\u0131yla soka\u011f\u0131n kesiti yeniden ele al\u0131nd\u0131. Bunu yaparken ara\u00e7 olarak, iz s\u00fcrme ve de\u015fifre y\u00f6ntemi kullan\u0131ld\u0131. \u00d6ncelikle parsel izleri ard\u0131ndan do\u011fal \u00e7evrenin izleri s\u00fcr\u00fcld\u00fc. Tabakhane Caddesi\u2019nden akan dere yer yer a\u00e7\u0131\u011fa \u00e7\u0131kar\u0131ld\u0131. Pazar taraf\u0131nda gerekli ihtiyac\u0131 kar\u015f\u0131lamak i\u00e7in 4 farkl\u0131 i\u015flevi olan bir kentsel mobilya tasarland\u0131. Kentsel mobilya, ayd\u0131nlatma eleman\u0131, at\u0131k toplama i\u015flevini kar\u015f\u0131layan, ve g\u00f6lgelik olarak \u00fcst \u00f6rt\u00fcde sarma\u015f\u0131k kulland\u0131\u011f\u0131m\u0131z yerlerde sarma\u015f\u0131\u011f\u0131n dolan\u0131p cepheye uzayabilece\u011fi bir platform yaratacak \u015fekilde tasarland\u0131.<\/p>\n<hr \/>\n<p><strong>E\u015fik<\/strong><\/p>\n<p>Arz Minta\u015f, Zeynep Y\u0131lmaz<\/p>\n<p><em><strong>J\u00fcri \u00d6zel \u00d6d\u00fcl\u00fc<\/strong><\/em><\/p>\n<p><img loading=\"lazy\" decoding=\"async\" class=\"alignnone wp-image-11853 size-medium\" src=\"https:\/\/aura-istanbul.com\/wp-content\/uploads\/2022\/06\/6-Bolge-Arz-Mintas_-Zeynep-Yilmaz-ikincilik-odulu-896x1280.jpg\" alt=\"\" width=\"896\" height=\"1280\" srcset=\"https:\/\/aura-istanbul.com\/wp-content\/uploads\/2022\/06\/6-Bolge-Arz-Mintas_-Zeynep-Yilmaz-ikincilik-odulu-896x1280.jpg 896w, https:\/\/aura-istanbul.com\/wp-content\/uploads\/2022\/06\/6-Bolge-Arz-Mintas_-Zeynep-Yilmaz-ikincilik-odulu-1344x1920.jpg 1344w, https:\/\/aura-istanbul.com\/wp-content\/uploads\/2022\/06\/6-Bolge-Arz-Mintas_-Zeynep-Yilmaz-ikincilik-odulu-756x1080.jpg 756w, https:\/\/aura-istanbul.com\/wp-content\/uploads\/2022\/06\/6-Bolge-Arz-Mintas_-Zeynep-Yilmaz-ikincilik-odulu-768x1097.jpg 768w, https:\/\/aura-istanbul.com\/wp-content\/uploads\/2022\/06\/6-Bolge-Arz-Mintas_-Zeynep-Yilmaz-ikincilik-odulu-1075x1536.jpg 1075w, https:\/\/aura-istanbul.com\/wp-content\/uploads\/2022\/06\/6-Bolge-Arz-Mintas_-Zeynep-Yilmaz-ikincilik-odulu-1434x2048.jpg 1434w, https:\/\/aura-istanbul.com\/wp-content\/uploads\/2022\/06\/6-Bolge-Arz-Mintas_-Zeynep-Yilmaz-ikincilik-odulu-scaled.jpg 1792w\" sizes=\"auto, (max-width: 896px) 100vw, 896px\" \/><br \/>\nE\u015fik, Ya\u011fc\u0131lar Han\u0131\u2019n\u0131n arka kap\u0131lar\u0131n\u0131n a\u00e7\u0131ld\u0131\u011f\u0131 Semerciler Soka\u011f\u0131\u2019n\u0131n yeniden canland\u0131r\u0131lmas\u0131 ve d\u00fczenlenmesi \u00fczerine bir \u00e7al\u0131\u015fmad\u0131r. Kur\u015funlu Caddesi \u00fczerindeki yo\u011fun ticari kullan\u0131m ve kuzeyde yer alan Zahire Pazar\u0131\u2019n\u0131n sokakla kurdu\u011fu ili\u015fki incelendi ve soka\u011f\u0131 ticaret aks\u0131n\u0131n devam\u0131 niteli\u011finde kurgulay\u0131p canland\u0131rmak i\u00e7in ba\u011flant\u0131 yerleri ve ge\u00e7i\u015fler olu\u015fturuldu. Ya\u011fc\u0131lar Han\u0131\u2019n\u0131n hemen biti\u015fi\u011finde bulunan ve yenilenen Ya\u011f Hali\u2019nin avlusunun proje alan\u0131na ba\u011flanmas\u0131 \u00f6nerildi.<\/p>\n<p>Projeye ismini veren ve mek\u00e2n\u0131n bir par\u00e7as\u0131 olan \u201cE\u015fik\u201d, genel itibariyle o mek\u00e2n\u0131n giri\u015fi veya \u00f6n taraf\u0131 olarak belirtilebilir. Mekan\u0131n i\u00e7i ve d\u0131\u015f\u0131n\u0131 bir araya getiren e\u015fik kavram\u0131, mekanla kurulan ili\u015fkinin temeli ve mekana hayat veren k\u0131sm\u0131 olarak ele al\u0131nd\u0131. B\u00f6lgedeki tarihi kap\u0131lardan, Ya\u011fc\u0131lar Han\u0131\u2019na girerken e\u011filerek ge\u00e7ti\u011fimiz Kuzulu Kap\u0131\u2019dan, dar sokaklarda yol boyunca uzanan sarma\u015f\u0131klardan, a\u011fa\u00e7lar\u0131n dallar\u0131n\u0131n olu\u015fturdu\u011fu sa\u00e7aktan, geni\u015f avlulara ge\u00e7erken ilerledi\u011fimiz dar ge\u00e7itlerden esinlenerek proje alan\u0131ndaki sokaklar\u0131n kesi\u015fti\u011fi alanda bir \u00fcst \u00f6rt\u00fc tasarland\u0131. Ya\u011fc\u0131lar Han\u0131\u2019na girerken e\u011filerek ge\u00e7ti\u011fimiz dar kap\u0131n\u0131n bir yans\u0131mas\u0131 ve uzant\u0131s\u0131 olarak ele al\u0131nan bu e\u015fik, ah\u015fap bir str\u00fckt\u00fcr olarak tasarland\u0131. Alandaki ni\u015fler de\u011ferlendirilerek sokak \u00fczerinde oturma alan\u0131 olu\u015fturuldu. Ayd\u0131nlatma elemanlar\u0131yla beraber tasarlanan bu \u00fcst \u00f6rt\u00fcn\u00fcn, geceleri karanl\u0131k ve \u0131ss\u0131z olan soka\u011f\u0131 daha canl\u0131 ve g\u00fcvenli hale getirmesi ama\u00e7land\u0131.<\/p>\n<hr \/>\n<p><strong>A\u011fa\u00e7alt\u0131<\/strong><\/p>\n<p>Ebru \u015eevli, Mona Bilto<\/p>\n<p><img loading=\"lazy\" decoding=\"async\" class=\"alignnone wp-image-11854 size-medium\" src=\"https:\/\/aura-istanbul.com\/wp-content\/uploads\/2022\/06\/7-Bolge-Ebru-Sevli_Mona-Bilto-896x1280.jpg\" alt=\"\" width=\"896\" height=\"1280\" srcset=\"https:\/\/aura-istanbul.com\/wp-content\/uploads\/2022\/06\/7-Bolge-Ebru-Sevli_Mona-Bilto-896x1280.jpg 896w, https:\/\/aura-istanbul.com\/wp-content\/uploads\/2022\/06\/7-Bolge-Ebru-Sevli_Mona-Bilto-1344x1920.jpg 1344w, https:\/\/aura-istanbul.com\/wp-content\/uploads\/2022\/06\/7-Bolge-Ebru-Sevli_Mona-Bilto-756x1080.jpg 756w, https:\/\/aura-istanbul.com\/wp-content\/uploads\/2022\/06\/7-Bolge-Ebru-Sevli_Mona-Bilto-768x1097.jpg 768w, https:\/\/aura-istanbul.com\/wp-content\/uploads\/2022\/06\/7-Bolge-Ebru-Sevli_Mona-Bilto-1075x1536.jpg 1075w, https:\/\/aura-istanbul.com\/wp-content\/uploads\/2022\/06\/7-Bolge-Ebru-Sevli_Mona-Bilto-1434x2048.jpg 1434w, https:\/\/aura-istanbul.com\/wp-content\/uploads\/2022\/06\/7-Bolge-Ebru-Sevli_Mona-Bilto-scaled.jpg 1792w\" sizes=\"auto, (max-width: 896px) 100vw, 896px\" \/><\/p>\n<p>Tasar\u0131ma \u00f6ncelikle meydan\u0131n kullan\u0131m\u0131n\u0131 inceleyerek ve meydan\u0131 tan\u0131mlayan unsurlar\u0131 anlayarak ba\u015fland\u0131. Meydan\u0131n g\u00fcnl\u00fck kullan\u0131m\u0131nda, onu \u00e7evreleyen iki ticari yap\u0131n\u0131n bo\u015flu\u011fa ta\u015fmas\u0131 etkili oldu\u011fu gibi, \u00fc\u00e7\u00fcnc\u00fc yap\u0131 ile neredeyse sa\u011f\u0131r bir ili\u015fki kurdu\u011fu fark edildi. Eski kent yerle\u015fimini modern yerle\u015fime ba\u011flayan yol \u00fczerinde konumland\u0131\u011f\u0131 i\u00e7in meydan \u00e7evresinde yo\u011fun bir yaya ve ara\u00e7 trafi\u011fi mevcut. Fakat bu yo\u011funlu\u011fun meydan\u0131 te\u011fet ge\u00e7ti\u011fi ve meydan\u0131n nadiren oturulan, vakit ge\u00e7irilen bir alan oldu\u011funu tespit edildi.<\/p>\n<p>Meydan\u0131n mevcut durumunun iyile\u015ftirilmesi i\u00e7in, etraftaki kent elemanlar\u0131n\u0131n d\u00fczenlenmesi, yerle\u015ftirilmesi \u00f6nerildi. Yap\u0131lar\u0131n cephe ve sa\u00e7aklar\u0131n\u0131n onar\u0131lmas\u0131, sadele\u015ftirilmesi ve kent dokusunun \u00f6n\u00fcne ge\u00e7meyecek bir estetik anlay\u0131\u015f\u0131 ile tasarlanmas\u0131 hedeflendi. D\u00f6\u015feme farkl\u0131l\u0131klar\u0131 ve malzemelerde kullan\u0131m kalitesini artt\u0131racak, mekan kullan\u0131m konforunda olumlu kar\u015f\u0131l\u0131k bulacak tasar\u0131mlar ile zemin ili\u015fkisi kuvvetlendirildi. Meydan\u0131n var olan halinin iyile\u015ftirilmesi ile ilgili prensipler belirlendikten sonra, meydana g\u00f6lge ve karakter sa\u011flayan iki a\u011fa\u00e7 etraf\u0131nda \u015fekillenen oturma alanlar\u0131 tasarland\u0131. Park etme d\u00fczenini sa\u011flamak ve kald\u0131r\u0131mlar\u0131n\u0131n kullan\u0131m\u0131n\u0131 yayalara ay\u0131rmak i\u00e7in, meydan\u0131 tan\u0131mlayan ve i\u00e7erisinde bir\u00e7ok kent eleman\u0131 bulunduran kent mobilyalar\u0131 tasarland\u0131. B\u00f6ylece, zemin ili\u015fkisi kuvvetlenmi\u015f, sirk\u00fclasyon engelleri ortadan kald\u0131r\u0131lm\u0131\u015f bir meydan kullan\u0131m\u0131 sa\u011fland\u0131. Eklenen kent elemanlar\u0131 ve mobilyalar\u0131yla meydan kullan\u0131m\u0131nda konfor art\u0131\u015f\u0131 hedeflendi.<\/p>\n<hr \/>\n<p><strong>dokuma<br \/>\n<\/strong>Ba\u015fak Bul, Meltem G\u00fcller<\/p>\n<p><img loading=\"lazy\" decoding=\"async\" class=\"alignnone wp-image-11855 size-medium\" src=\"https:\/\/aura-istanbul.com\/wp-content\/uploads\/2022\/06\/5-Bolge-Basak-Bul_Meltem-Guller-896x1280.jpg\" alt=\"\" width=\"896\" height=\"1280\" srcset=\"https:\/\/aura-istanbul.com\/wp-content\/uploads\/2022\/06\/5-Bolge-Basak-Bul_Meltem-Guller-896x1280.jpg 896w, https:\/\/aura-istanbul.com\/wp-content\/uploads\/2022\/06\/5-Bolge-Basak-Bul_Meltem-Guller-1344x1920.jpg 1344w, https:\/\/aura-istanbul.com\/wp-content\/uploads\/2022\/06\/5-Bolge-Basak-Bul_Meltem-Guller-756x1080.jpg 756w, https:\/\/aura-istanbul.com\/wp-content\/uploads\/2022\/06\/5-Bolge-Basak-Bul_Meltem-Guller-768x1097.jpg 768w, https:\/\/aura-istanbul.com\/wp-content\/uploads\/2022\/06\/5-Bolge-Basak-Bul_Meltem-Guller-1075x1536.jpg 1075w, https:\/\/aura-istanbul.com\/wp-content\/uploads\/2022\/06\/5-Bolge-Basak-Bul_Meltem-Guller-1434x2048.jpg 1434w, https:\/\/aura-istanbul.com\/wp-content\/uploads\/2022\/06\/5-Bolge-Basak-Bul_Meltem-Guller-scaled.jpg 1792w\" sizes=\"auto, (max-width: 896px) 100vw, 896px\" \/><\/p>\n<p>Proje alan\u0131 Ya\u011fc\u0131lar Han\u0131\u2019n\u0131n sa\u011f\u0131r cephesinin aks\u0131nda, per\u015fembe g\u00fcnleri pazar\u0131nda kuruldu\u011fu cadde ve her gece aktif olarak kullan\u0131lan bir bar\u0131n avlusuyla kesi\u015fmekte. Bu sokak olarak \u00e7o\u011funlukla yerel halk taraf\u0131ndan kestirme olarak kullan\u0131lmaktad\u0131r. Ta\u015f\u0131tlar\u0131n kulland\u0131\u011f\u0131 bir sokak olmad\u0131\u011f\u0131 i\u00e7in otopark gibi kullan\u0131lmaktad\u0131r. Han ile ili\u015fkisi g\u00fc\u00e7lendirmek ve arasta b\u00f6lgesini ke\u015ffetmeyi te\u015fvik etmek i\u00e7in \u00f6ncelikle mevcuttaki yap\u0131lar\u0131n onar\u0131lmas\u0131n\u0131 ve korunmas\u0131n\u0131 sa\u011flayacak \u00fcr\u00fcnlerin alanda uygulanmas\u0131n\u0131 \u00f6neriyoruz. Bak\u0131mlar tamamland\u0131ktan sonra mevcuttaki tarihi dokuya uygun olmayan tabela, tescilli binaya boya uygulanmas\u0131 ve yap\u0131lara ait olmayan elemanlar hakk\u0131nda toplumu bilgilendiriyoruz.<\/p>\n<p>Ya\u011fc\u0131lar Han\u2019\u0131nda yo\u011funlukla kilim ve hal\u0131 sat\u0131lmas\u0131na kar\u015f\u0131n,\u00fcr\u00fcnlerin \u00e7o\u011fu \u00e7evre k\u00f6ylerden tedarik edilmekte. Kolektif olarak kilim dokuman\u0131n topluma ve ekonomiye katk\u0131s\u0131ndan ve han\u0131n etnik atmosferini veren dokulardan, dokumalardan ve renklerinden esinlenerek kullan\u0131c\u0131 deneyimiyle \u015fekillenebilecek bir k\u0131sa s\u00fcreli enselasyon \u00f6nerisi geli\u015ftirdik. \u0130plerin ve ellerin dokuma hareketini, sa\u011f\u0131r cephede bir yans\u0131mas\u0131n\u0131 olu\u015fturarak kullan\u0131lan oturulan veya sallan\u0131lan elemanlar\u0131n makara sistemleriyle birlikte hareket edebilmesini sa\u011flad\u0131k.<\/p>\n<p>Metal profiller, Ya\u011fc\u0131lar Han\u0131\u2019n\u0131n metal cam detaylar\u0131na tutunarak \u00f6ncelikle yap\u0131ya sayg\u0131yla girmeyi sa\u011flayan kap\u0131y\u0131 mimik ederek, bizi bir koridora alarak, duvarla ili\u015fki kurmam\u0131z\u0131 sa\u011flarken, 3 cm&#8217;lik renkli kuma\u015flar\u0131n profillere ba\u011flanmas\u0131yla elde edilen g\u00f6lgelik g\u00fcn\u00fcn saatlerini alg\u0131lamam\u0131z\u0131 sa\u011fl\u0131yor. Makara sistemi ile kurgulad\u0131\u011f\u0131m\u0131z oturaklar a\u00e7\u0131ld\u0131ktan sonra \u00fc\u00e7l\u00fc makara sayesinde rayl\u0131 profillere ba\u011fl\u0131 ikinci g\u00f6lgeli\u011fin 100 cm&#8217;den fazla hareket etmesini sa\u011flayarak dokuma hareketini mimik ediyor. Kullan\u0131c\u0131n\u0131n deneyimine g\u00f6re kurgulanabilecek bir mekan olu\u015fturarak Han&#8217;a olan ilginin artmas\u0131n\u0131 hedefliyoruz.<\/p>\n<hr \/>\n<p><strong>Simbiyoz<\/strong><\/p>\n<p>\u015e. B\u00fc\u015fra \u00d6zmen, Zeynep Adar<\/p>\n<p><img loading=\"lazy\" decoding=\"async\" class=\"alignnone wp-image-11856 size-medium\" src=\"https:\/\/aura-istanbul.com\/wp-content\/uploads\/2022\/06\/2-Bolge-Busra-Ozmen_Zeynep-Adar-896x1280.jpg\" alt=\"\" width=\"896\" height=\"1280\" srcset=\"https:\/\/aura-istanbul.com\/wp-content\/uploads\/2022\/06\/2-Bolge-Busra-Ozmen_Zeynep-Adar-896x1280.jpg 896w, https:\/\/aura-istanbul.com\/wp-content\/uploads\/2022\/06\/2-Bolge-Busra-Ozmen_Zeynep-Adar-1344x1920.jpg 1344w, https:\/\/aura-istanbul.com\/wp-content\/uploads\/2022\/06\/2-Bolge-Busra-Ozmen_Zeynep-Adar-756x1080.jpg 756w, https:\/\/aura-istanbul.com\/wp-content\/uploads\/2022\/06\/2-Bolge-Busra-Ozmen_Zeynep-Adar-768x1097.jpg 768w, https:\/\/aura-istanbul.com\/wp-content\/uploads\/2022\/06\/2-Bolge-Busra-Ozmen_Zeynep-Adar-1075x1536.jpg 1075w, https:\/\/aura-istanbul.com\/wp-content\/uploads\/2022\/06\/2-Bolge-Busra-Ozmen_Zeynep-Adar-1434x2048.jpg 1434w, https:\/\/aura-istanbul.com\/wp-content\/uploads\/2022\/06\/2-Bolge-Busra-Ozmen_Zeynep-Adar-scaled.jpg 1792w\" sizes=\"auto, (max-width: 896px) 100vw, 896px\" \/><\/p>\n<p>Alan\u0131n \u00e7evresi ile kurabilece\u011fi ili\u015fki senaryolar\u0131 incelendi\u011finde caddenin bulundu\u011fu aks\u0131n tarihi bir ge\u00e7i\u015f oldu\u011fu g\u00f6r\u00fcl\u00fcr. \u00d6zellikle Ya\u011fc\u0131lar Han\u0131\u2019na a\u00e7\u0131lan cadde mekanla uyumlu \u015fekilde \u00e7al\u0131\u015fmaz. Han cephesinin bakt\u0131\u011f\u0131 cepheler tabela ve renkli tenteler,afi\u015flerle bezenmi\u015f olup Arasta Pazar\u0131\u2019n\u0131n bulundu\u011fu dokudan ba\u011f\u0131ms\u0131zd\u0131r. Mu\u011fla b\u00f6lgesi cepheleri d\u00fczenlenmesinde cephe elemanlar\u0131 i\u00e7in ortak renk skalas\u0131 ve malzemeleri kullan\u0131lm\u0131\u015ft\u0131r. Tarihi b\u00f6lgedeki eski tabela kullan\u0131m\u0131ndan fikir al\u0131narak modern,tasarlanm\u0131\u015f, cepheye tak\u0131lan ayn\u0131 zamanda sundurmas\u0131 olan b\u00f6lgelere de tak\u0131labilen tabela\/pano fikri uygulanm\u0131\u015ft\u0131r. Ayn\u0131 zamanda Arasta Pazar\u0131\u2019yla da kurdu\u011fu ili\u015fkiden gelen sarma\u015f\u0131k kullan\u0131m\u0131 buradaki cepheye tak\u0131lan str\u00fckt\u00fcrle b\u00fct\u00fcnle\u015ferek Han\u2019\u0131n kar\u015f\u0131s\u0131ndaki alan\u0131n da ye\u015fille b\u00fct\u00fcnle\u015fmesi sa\u011flan\u0131r.<\/p>\n<p>Ya\u011fc\u0131lar Han\u0131 avlu b\u00f6lgesindeki ta\u015f kullan\u0131m\u0131 Kur\u015funlu Caddesi boyunca da devam eden a\u011fa\u00e7lar\u0131n oldu\u011fu b\u00f6lgelerde dere ta\u015f\u0131 kullan\u0131l\u0131rken, kald\u0131r\u0131mda avludaki kayrak ta\u015f\u0131 s\u00fcreklili\u011fi sa\u011flan\u0131r. Kur\u015funlu Caddesi kald\u0131r\u0131mlar\u0131ndan ve Ya\u011fc\u0131lar Han\u2019\u0131n\u0131n avlusuna do\u011fru da ge\u00e7en b\u00f6lgenin karanl\u0131k ve pasif kalmas\u0131ndan dolay\u0131 zemin ayd\u0131nlatmas\u0131 \u00f6nerilmi\u015ftir. Mu\u011fla kenti antik d\u00f6nemden g\u00fcn\u00fcm\u00fcze kadar gelmi\u015f katmanl\u0131 bir yap\u0131ya sahiptir. Kentteki dokular\u0131n ve yap\u0131lar\u0131n renklerinden yola \u00e7\u0131k\u0131larak DYO boyalar\u0131 ile \u201cMu\u011fla Simbiyotik Renkler\u201d renk kartelas\u0131 olu\u015fturuldu.<\/p>\n<hr \/>\n<p><strong>Bereket<\/strong><\/p>\n<p>Eda \u00dcnal, \u015eeyda Ayd\u0131n<\/p>\n<p><img loading=\"lazy\" decoding=\"async\" class=\"alignnone wp-image-11857 size-medium\" src=\"https:\/\/aura-istanbul.com\/wp-content\/uploads\/2022\/06\/4-Bolge-Seyda-Aydin_Eda-Unal-896x1280.jpg\" alt=\"\" width=\"896\" height=\"1280\" srcset=\"https:\/\/aura-istanbul.com\/wp-content\/uploads\/2022\/06\/4-Bolge-Seyda-Aydin_Eda-Unal-896x1280.jpg 896w, https:\/\/aura-istanbul.com\/wp-content\/uploads\/2022\/06\/4-Bolge-Seyda-Aydin_Eda-Unal-1344x1920.jpg 1344w, https:\/\/aura-istanbul.com\/wp-content\/uploads\/2022\/06\/4-Bolge-Seyda-Aydin_Eda-Unal-756x1080.jpg 756w, https:\/\/aura-istanbul.com\/wp-content\/uploads\/2022\/06\/4-Bolge-Seyda-Aydin_Eda-Unal-768x1097.jpg 768w, https:\/\/aura-istanbul.com\/wp-content\/uploads\/2022\/06\/4-Bolge-Seyda-Aydin_Eda-Unal-1075x1536.jpg 1075w, https:\/\/aura-istanbul.com\/wp-content\/uploads\/2022\/06\/4-Bolge-Seyda-Aydin_Eda-Unal-1434x2048.jpg 1434w, https:\/\/aura-istanbul.com\/wp-content\/uploads\/2022\/06\/4-Bolge-Seyda-Aydin_Eda-Unal-scaled.jpg 1792w\" sizes=\"auto, (max-width: 896px) 100vw, 896px\" \/><\/p>\n<p>Yap\u0131lan \u00e7al\u0131\u015fmalar ve g\u00f6zlemler arac\u0131l\u0131\u011f\u0131yla mekan\u0131n g\u00fc\u00e7l\u00fc, zay\u0131f, f\u0131rsat ve tehdit olarak say\u0131labilecek \u00f6zellikleri incelenmi\u015f ve \u00f6neriler \u00fcretilmi\u015ftir. Sunulan \u00f6neride tarihi han\u0131n avlusuna ah\u015fap bir y\u00fckseltilmi\u015f d\u00f6\u015feme tasarlanm\u0131\u015ft\u0131r. Kur\u015funlu Caddesi giri\u015finde g\u00fcneydo\u011fu rampas\u0131ndan ba\u015flay\u0131p avluda dolanarak mevcutta a\u00e7\u0131k bulunan kuzeybat\u0131 kap\u0131s\u0131ndan \u00e7\u0131k\u0131\u015f yap\u0131lacak \u015fekilde yerle\u015ftirilmi\u015ftir. D\u00f6\u015femenin formu alanda g\u00f6zlemlenen yaya ak\u0131\u015f\u0131n\u0131, hareketlerini g\u00f6zlemleyerek, ihtiya\u00e7lar\u0131n\u0131 analiz ederek ve avlunun farkl\u0131 kullan\u0131mlara izin verebilece\u011fi tasarlanarak olu\u015fturulmu\u015ftur. Mevcutta kapal\u0131 olan g\u00fcney bat\u0131 cephesindeki kap\u0131n\u0131n a\u00e7\u0131lmas\u0131 \u00f6nerilerek yaya eri\u015fimini ve sirk\u00fclasyonunu art\u0131rmak hedeflenmi\u015ftir. Avluda bulunan plastik \u015femsiyelerin yerine asma germe sa\u00e7aklar yerle\u015ftirilmi\u015ftir. Sa\u00e7aklar\u0131n lokasyonlar\u0131, g\u00fcne\u015flenme analizi yap\u0131larak yap\u0131n\u0131n ve avluda bulunan a\u011fa\u00e7lar\u0131n g\u00f6lge sa\u011flayamad\u0131\u011f\u0131 alanlara olacak \u015fekilde belirlenmi\u015ftir. Plastik masa ve sandalyeler yerine mod\u00fcler metal str\u00fckt\u00fcrden ve ah\u015fap oturma tablalar\u0131ndan kent mobilyalar\u0131 tasarlanm\u0131\u015ft\u0131r.<\/p>\n<p>Avluya gelen kullan\u0131c\u0131lar taraf\u0131ndan ilgi \u00e7eken ve tarihinde dokumac\u0131l\u0131k sanat kooperatifinin kurularak faaliyete ge\u00e7ti\u011fi handa dokuma hal\u0131lar\u0131n \u00f6nemli bir yeri oldu\u011fu tespit edilerek dokuma Anadolu hal\u0131lar\u0131ndan esinlenerek bir renk paleti olu\u015fturulmu\u015ftur. Olu\u015fturulan bu renk paleti ve anadolu kilim motifi simgeleri, tasarlanan kentsel mobilyalar\u0131n metal k\u0131s\u0131mlar\u0131nda ve ma\u011fazalar\u0131n tabelalar\u0131nda kullan\u0131lm\u0131\u015ft\u0131r<\/p>\n<hr \/>\n<p><strong>Arasta: D\u00f6n\u00fc\u015fen Ya\u015fam Soka\u011f\u0131<\/strong><\/p>\n<p>Merve Ak\u00e7in, N\u00fcket Barut\u00e7u<\/p>\n<p><img loading=\"lazy\" decoding=\"async\" class=\"alignnone wp-image-11860 size-medium\" src=\"https:\/\/aura-istanbul.com\/wp-content\/uploads\/2022\/06\/3-Bolge-Merve-Akcin_Nuket-Barutcu-903x1280.jpg\" alt=\"\" width=\"903\" height=\"1280\" srcset=\"https:\/\/aura-istanbul.com\/wp-content\/uploads\/2022\/06\/3-Bolge-Merve-Akcin_Nuket-Barutcu-903x1280.jpg 903w, https:\/\/aura-istanbul.com\/wp-content\/uploads\/2022\/06\/3-Bolge-Merve-Akcin_Nuket-Barutcu-1354x1920.jpg 1354w, https:\/\/aura-istanbul.com\/wp-content\/uploads\/2022\/06\/3-Bolge-Merve-Akcin_Nuket-Barutcu-762x1080.jpg 762w, https:\/\/aura-istanbul.com\/wp-content\/uploads\/2022\/06\/3-Bolge-Merve-Akcin_Nuket-Barutcu-768x1089.jpg 768w, https:\/\/aura-istanbul.com\/wp-content\/uploads\/2022\/06\/3-Bolge-Merve-Akcin_Nuket-Barutcu-1084x1536.jpg 1084w, https:\/\/aura-istanbul.com\/wp-content\/uploads\/2022\/06\/3-Bolge-Merve-Akcin_Nuket-Barutcu-1445x2048.jpg 1445w, https:\/\/aura-istanbul.com\/wp-content\/uploads\/2022\/06\/3-Bolge-Merve-Akcin_Nuket-Barutcu-scaled.jpg 1806w\" sizes=\"auto, (max-width: 903px) 100vw, 903px\" \/><\/p>\n<p>Bu \u00e7al\u0131\u015fmada, rengin mekandaki d\u00f6n\u00fc\u015ft\u00fcr\u00fcc\u00fc \u00f6zelli\u011finden yararlan\u0131larak bir \u00fcst \u00f6rt\u00fc \u00f6nerilmi\u015ftir. Bu \u00fcst \u00f6rt\u00fc ayn\u0131 zamanda sergi alan\u0131, oturma alan\u0131 olarak i\u015flevlendirilmi\u015ftir. Renkli \u00f6rt\u00fc Ya\u011fc\u0131lar Han\u0131\u2019n\u0131n kar\u015f\u0131s\u0131nda bulunan Sara\u00e7lar Sokak\u2019tan ba\u015flayarak kullan\u0131c\u0131lar\u0131 soka\u011fa \u00e7a\u011f\u0131r\u0131r ve Kocahan Sokak\u2019tan Kur\u015funlu Camii\u2019ne \u00e7\u0131kan soka\u011fa kadar devam eder. Bu \u00fcst \u00f6rt\u00fcn\u00fcn \u00f6ncelikli g\u00f6revi eskiden u\u011frak yeri olan fakat \u015fimdilerde \u00e7ok kullan\u0131lmayan insanlar\u0131n sadece ge\u00e7ip gitti\u011fi bir yol haline gelen bu soka\u011f\u0131 canland\u0131rmak ve bir u\u011frak noktas\u0131 haline getirmektir. Renkli bir \u00fcst \u00f6rt\u00fc \u00f6nerisi ile sokak ve \u00e7evresinin alg\u0131lanabilirli\u011finin artt\u0131r\u0131lmas\u0131, insanlar\u0131n sokak ve \u00e7evresini kullanmaya ve ziyaret etmeye te\u015fvik edilmesi ve herkesin kullan\u0131m\u0131na a\u00e7\u0131k nitelikli bir soka\u011fa d\u00f6n\u00fc\u015ft\u00fcr\u00fclmesi ama\u00e7lanm\u0131\u015ft\u0131r. Sokakta bulunan y\u0131pranm\u0131\u015f cephelere sahip betonarme yap\u0131lar\u0131n mek\u00e2n\u0131n tarihi kimli\u011fine zarar vermemek ad\u0131na tescilli yap\u0131lar\u0131n \u00f6zg\u00fcn rengi olan beyaz ve yak\u0131n tonlar\u0131 ile boyanmas\u0131 \u00f6nerilmektedir.<\/p>\n<p>Soka\u011f\u0131n g\u00f6r\u00fcn\u00fcrl\u00fc\u011f\u00fcn\u00fc artt\u0131rmak i\u00e7in y\u00f6rede bol miktarda yeti\u015fen turun\u00e7gilleri temsilen \u2018turuncu\u2019 kullan\u0131lm\u0131\u015ft\u0131r. Turuncu, ne\u015feyi, g\u00fcne\u015fin s\u0131cakl\u0131\u011f\u0131n\u0131, hevesli olmay\u0131, merak\u0131, mutlulu\u011fu, yarat\u0131c\u0131l\u0131\u011f\u0131, kararl\u0131l\u0131\u011f\u0131, \u00e7ekimi, ba\u015far\u0131y\u0131, cesareti ve enerjik olmay\u0131 simgeleyen bir renktir.<\/p>\n<p>\u00dcst \u00f6rt\u00fc, oturma birimleri ve sergi alan\u0131n\u0131n malzemesinde yine y\u00f6rede \u00e7ok\u00e7a kullan\u0131lan ah\u015fap tercih edilmi\u015ftir. At\u0131k malzemelerin Dyo ile iyile\u015ftirilip d\u00f6n\u00fc\u015ft\u00fcr\u00fclerek yeniden kullan\u0131m\u0131na imk\u00e2n sa\u011flanm\u0131\u015ft\u0131r. B\u00f6ylece daha az a\u011fac\u0131n kesilmesine ve ah\u015fab\u0131n kullan\u0131m \u00f6mr\u00fcn\u00fc uzat\u0131lmas\u0131na imkan verilmi\u015ftir.<\/p>\n<p style=\"text-align: center;\"><strong><em>T\u00fcm kat\u0131l\u0131mc\u0131lar\u0131m\u0131z\u0131 tebrik ederiz!<\/em><\/strong><\/p>\n","protected":false},"excerpt":{"rendered":"<p>AURA Crea \u201cMu\u011fla-Ya\u011fc\u0131lar Han\u0131 ve \u00c7evresi Kentsel Tasar\u0131m At\u00f6lyesi\u201d yar\u0131\u015fmas\u0131nda \u00f6d\u00fcl alan proje belli oldu! Sertifika Program\u0131 kat\u0131l\u0131mc\u0131lar\u0131m\u0131z, AURA \u0130stanbul ve Mu\u011fla Mente\u015fe Belediyesi partnerli\u011finde, DYO deste\u011fiyle d\u00fczenlenen AURA Crea [&hellip;]<\/p>\n","protected":false},"author":10,"featured_media":11869,"comment_status":"closed","ping_status":"open","sticky":false,"template":"","format":"standard","meta":{"_acf_changed":false,"_seopress_robots_primary_cat":"none","_seopress_titles_title":"AURA Crea \u201cMu\u011fla-Ya\u011fc\u0131lar Han\u0131 ve \u00c7evresi Kentsel Tasar\u0131m At\u00f6lyesi\u201d Sonu\u00e7lar\u0131 Belli Oldu! | AURA \u0130stanbul","_seopress_titles_desc":"AURA \u0130stanbul sertifika program\u0131na dahil olan gen\u00e7 mimar ve tasar\u0131mc\u0131lar al\u0131\u015f\u0131k olduklar\u0131 \u00f6l\u00e7ek ve tasarlama s\u00fcre\u00e7lerinin s\u0131n\u0131rlar\u0131n\u0131 a\u015farak; gruplar halinde tasar\u0131mlar\u0131n\u0131 \u00fcreterek DYO \u00fcr\u00fcnlerini\u00a0yarat\u0131c\u0131l\u0131klar\u0131 ile birle\u015ftirdi.","_seopress_robots_index":"","_price":"","_stock":"","_tribe_ticket_header":"","_tribe_default_ticket_provider":"","_tribe_ticket_capacity":"0","_ticket_start_date":"","_ticket_end_date":"","_tribe_ticket_show_description":"","_tribe_ticket_show_not_going":false,"_tribe_ticket_use_global_stock":"","_tribe_ticket_global_stock_level":"","_global_stock_mode":"","_global_stock_cap":"","_tribe_rsvp_for_event":"","_tribe_ticket_going_count":"","_tribe_ticket_not_going_count":"","_tribe_tickets_list":"[]","_tribe_ticket_has_attendee_info_fields":false,"_EventAllDay":false,"_EventTimezone":"","_EventStartDate":"","_EventEndDate":"","_EventStartDateUTC":"","_EventEndDateUTC":"","_EventShowMap":false,"_EventShowMapLink":false,"_EventURL":"","_EventCost":"","_EventCostDescription":"","_EventCurrencySymbol":"","_EventCurrencyCode":"","_EventCurrencyPosition":"","_EventDateTimeSeparator":"","_EventTimeRangeSeparator":"","_EventOrganizerID":[],"_EventVenueID":[],"_OrganizerEmail":"","_OrganizerPhone":"","_OrganizerWebsite":"","_VenueAddress":"","_VenueCity":"","_VenueCountry":"","_VenueProvince":"","_VenueState":"","_VenueZip":"","_VenuePhone":"","_VenueURL":"","_VenueStateProvince":"","_VenueLat":"","_VenueLng":"","_VenueShowMap":false,"_VenueShowMapLink":false,"footnotes":""},"categories":[204,191,75,128],"tags":[268,404,304,407,408,107,405,403],"class_list":["post-10181","post","type-post","status-publish","format-standard","has-post-thumbnail","hentry","category-aura-crea","category-blog","category-etkinlik","category-sertifika-programi","tag-aura-crea","tag-design","tag-juri","tag-odul","tag-proje-sunumlari","tag-tasarim","tag-tasarim-yarismasi","tag-workshop"],"acf":[],"_links":{"self":[{"href":"https:\/\/aura-istanbul.com\/index.php\/wp-json\/wp\/v2\/posts\/10181","targetHints":{"allow":["GET"]}}],"collection":[{"href":"https:\/\/aura-istanbul.com\/index.php\/wp-json\/wp\/v2\/posts"}],"about":[{"href":"https:\/\/aura-istanbul.com\/index.php\/wp-json\/wp\/v2\/types\/post"}],"author":[{"embeddable":true,"href":"https:\/\/aura-istanbul.com\/index.php\/wp-json\/wp\/v2\/users\/10"}],"replies":[{"embeddable":true,"href":"https:\/\/aura-istanbul.com\/index.php\/wp-json\/wp\/v2\/comments?post=10181"}],"version-history":[{"count":8,"href":"https:\/\/aura-istanbul.com\/index.php\/wp-json\/wp\/v2\/posts\/10181\/revisions"}],"predecessor-version":[{"id":11892,"href":"https:\/\/aura-istanbul.com\/index.php\/wp-json\/wp\/v2\/posts\/10181\/revisions\/11892"}],"wp:featuredmedia":[{"embeddable":true,"href":"https:\/\/aura-istanbul.com\/index.php\/wp-json\/wp\/v2\/media\/11869"}],"wp:attachment":[{"href":"https:\/\/aura-istanbul.com\/index.php\/wp-json\/wp\/v2\/media?parent=10181"}],"wp:term":[{"taxonomy":"category","embeddable":true,"href":"https:\/\/aura-istanbul.com\/index.php\/wp-json\/wp\/v2\/categories?post=10181"},{"taxonomy":"post_tag","embeddable":true,"href":"https:\/\/aura-istanbul.com\/index.php\/wp-json\/wp\/v2\/tags?post=10181"}],"curies":[{"name":"wp","href":"https:\/\/api.w.org\/{rel}","templated":true}]}}