{"id":13107,"date":"2024-06-01T17:42:00","date_gmt":"2024-06-01T14:42:00","guid":{"rendered":"https:\/\/aura-istanbul.com\/?p=13107"},"modified":"2025-04-22T16:47:30","modified_gmt":"2025-04-22T13:47:30","slug":"aura-crea-besiktas-koyici-meydani-ve-cevresi-kentsel-tasarim-atolyesi-basliyor","status":"publish","type":"post","link":"https:\/\/aura-istanbul.com\/index.php\/2024\/06\/01\/aura-crea-besiktas-koyici-meydani-ve-cevresi-kentsel-tasarim-atolyesi-basliyor\/","title":{"rendered":"AURA Crea: &#8221;Be\u015fikta\u015f K\u00f6yi\u00e7i Meydan\u0131 ve \u00c7evresi Kentsel Tasar\u0131m At\u00f6lyesi&#8221; ba\u015fl\u0131yor!"},"content":{"rendered":"\n<p><em>AURA Crea: \u201cBe\u015fikta\u015f K\u00f6yi\u00e7i Meydan\u0131 ve \u00c7evresi Kentsel Tasar\u0131m  At\u00f6lyesi\u201d ba\u015fl\u0131yor!\u00a0<\/em><\/p>\n\n\n\n<p>AURA \u0130stanbul sertifika program\u0131na dahil olan gen\u00e7 mimar ve tasar\u0131mc\u0131lar al\u0131\u015f\u0131k olduklar\u0131 \u00f6l\u00e7ek ve tasarlama s\u00fcre\u00e7lerinin s\u0131n\u0131rlar\u0131n\u0131 a\u015farak; gruplar halinde tasar\u0131mlar\u0131n\u0131 \u00fcreterek <a href=\"https:\/\/www.dyo.com.tr\/\">Dyo<\/a>&#8216;yu yarat\u0131c\u0131l\u0131klar\u0131 ile birle\u015ftirecekler.<span style=\"font-weight: 400;\">&nbsp;<\/span><\/p>\n\n\n\n<p>\u0130stanbul Mimarl\u0131k ve \u015eehircilik Ara\u015ft\u0131rmalar\u0131 Akademisi &#8211; AURA \u0130stanbul ve DYO Boya i\u015fbirli\u011finde d\u00fczenlenen AURA Crea yar\u0131\u015fmas\u0131 kapsam\u0131nda, Be\u015fikta\u015f K\u00f6yi\u00e7i Meydan\u0131 (Kartal heykeli) ve \u00e7evresine y\u00f6nelik, mimari ve kentsel \u00f6l\u00e7ekte \u00f6neriler geli\u015ftirilecek.<br><br>At\u00f6lye kapsam\u0131nda, K\u00f6yi\u00e7i Meydan\u0131 ve \u00e7evresinde tarihi kent dokusunun ve \u00f6zg\u00fcn mimari kimli\u011fin korunmas\u0131 \u00f6ncelik olarak belirlendi. Bu alana y\u00f6nelik kentsel tasar\u0131m proje \u00f6nerileri geli\u015ftirilirken, yap\u0131lar\u0131n yere ait t\u00fcm bile\u015fenleri ile b\u00fct\u00fcnc\u00fcl bir yakla\u015f\u0131mla analiz edilmesi \u00f6nem ta\u015f\u0131d\u0131.<\/p>\n\n\n\n<p><\/p>\n\n\n\n<p><strong>Tasar\u0131m Kriterleri:<\/strong><\/p>\n\n\n\n<ul class=\"wp-block-list\">\n<li>\u00c7al\u0131\u015fma alan\u0131 i\u00e7erisinde proje alan\u0131n\u0131n se\u00e7imi kat\u0131l\u0131mc\u0131lara b\u0131rak\u0131lm\u0131\u015ft\u0131r.<\/li>\n\n\n\n<li>Belirlenen \u00e7al\u0131\u015fma alan\u0131nda, tarihi kent dokusu ve mimari kimli\u011fi korunmal\u0131d\u0131r.<\/li>\n\n\n\n<li>\u00dcretilen t\u00fcm proje \u00f6nerilerinde tarihsel katmanlara y\u00f6nelik duyarl\u0131 bir tasar\u0131m yakla\u015f\u0131m\u0131 geli\u015ftirilmesi beklenir.<\/li>\n\n\n\n<li>Mevcut yap\u0131 ve kentsel \u00f6gelerin bak\u0131m, onar\u0131m ve iyile\u015ftirmelerine y\u00f6nelik \u00f6neriler getirilmeli.<\/li>\n\n\n\n<li>Mevcut yap\u0131lara yeni ekler veya yeni tasar\u0131m \u00f6nerileri sunulabilir. Yap\u0131 \u00f6l\u00e7e\u011finde ve\/veya kentsel \u00f6l\u00e7ekte bo\u015faltma, doldurma, ekleme, \u00e7\u0131karma yap\u0131labilir. Malzeme kullan\u0131m\u0131nda de\u011fi\u015fiklikler \u00f6nerilebilir.<\/li>\n\n\n\n<li>Tasar\u0131mda renklerin mek\u00e2n\u0131 d\u00f6n\u00fc\u015ft\u00fcr\u00fcc\u00fc ve iyile\u015ftirici \u00f6zelli\u011fini vurgulamal\u0131. Mekanda yer alan t\u00fcm hacimlerde, cephe y\u00fczeyleri, yap\u0131 konturlar\u0131, zemin d\u00f6\u015femeleri, kent mobilyalar\u0131 vb. renk ve boya kullanabilir.<\/li>\n\n\n\n<li>Kullan\u0131lan renklerin se\u00e7ilen kamusal alan\u0131n ba\u011flam\u0131 ile ili\u015fkisi kurulmal\u0131d\u0131r.<\/li>\n\n\n\n<li>Uygulanabilir bir tasar\u0131m olu\u015fturulmal\u0131d\u0131r.<\/li>\n<\/ul>\n\n\n\n<p><\/p>\n\n\n\n<p><strong>Kat\u0131l\u0131mc\u0131lar<\/strong><\/p>\n\n\n\n<p>AURA \u0130stanbul 2023 G\u00fcz D\u00f6nemi Sertifika Program\u0131 kat\u0131l\u0131mc\u0131s\u0131 olan, mimarl\u0131k, i\u00e7 mimarl\u0131k,<br>\u015fehir planlama disiplinlerinden gelen 20 lisans mezunu at\u00f6lyede yer ald\u0131. Kat\u0131l\u0131mc\u0131lar 5 grup halinde \u00e7al\u0131\u015fmalar\u0131n\u0131 ger\u00e7ekle\u015ftirdi.<\/p>\n\n\n\n<p><strong>At\u00f6lye Takvimi<\/strong><\/p>\n\n\n\n<p><\/p>\n\n\n\n<ul class=\"wp-block-list\">\n<li>24 Haziran Pazartesi: Be\u015fikta\u015f K\u00f6yi\u00e7i Meydan\u0131 ve \u00c7evresi Alan Gezisi<\/li>\n\n\n\n<li>25 Haziran Sal\u0131: Seminer &#8211; Erhan \u0130\u015f\u00f6zen<\/li>\n\n\n\n<li>26 Haziran \u00c7ar\u015famba: Seminer &#8211; P\u0131nar \u015eim\u015fek \u201cDYO \u0130n\u015faat Boyalar\u0131 Semineri\u201d @AURA<\/li>\n\n\n\n<li>28 Haziran Cuma: Proje Dan\u0131\u015fma Toplant\u0131s\u0131<\/li>\n\n\n\n<li>1 Temmuz Pazartesi: DYO &#8211; Renk ve Boya Dan\u0131\u015fma Toplant\u0131s\u0131<\/li>\n\n\n\n<li>3 Temmuz \u00c7ar\u015famba:<strong> <\/strong>Proje Teslimi<\/li>\n\n\n\n<li>4 Temmuz Per\u015fembe: Proje Sunumlar\u0131 ve J\u00fcri De\u011ferlendirmesi<br><br><\/li>\n<\/ul>\n\n\n\n<figure class=\"wp-block-image size-full\"><img loading=\"lazy\" decoding=\"async\" width=\"1600\" height=\"900\" src=\"https:\/\/aura-istanbul.com\/wp-content\/uploads\/2024\/09\/proje-alanalari.jpg\" alt=\"\" class=\"wp-image-13108\" srcset=\"https:\/\/aura-istanbul.com\/wp-content\/uploads\/2024\/09\/proje-alanalari.jpg 1600w, https:\/\/aura-istanbul.com\/wp-content\/uploads\/2024\/09\/proje-alanalari-1280x720.jpg 1280w, https:\/\/aura-istanbul.com\/wp-content\/uploads\/2024\/09\/proje-alanalari-1080x608.jpg 1080w, https:\/\/aura-istanbul.com\/wp-content\/uploads\/2024\/09\/proje-alanalari-768x432.jpg 768w, https:\/\/aura-istanbul.com\/wp-content\/uploads\/2024\/09\/proje-alanalari-1536x864.jpg 1536w\" sizes=\"auto, (max-width: 1600px) 100vw, 1600px\" \/><\/figure>\n\n\n\n<p><strong><u>Dan\u0131\u015fman J\u00fcri \u00dcyeleri:<\/u><\/strong><\/p>\n\n\n\n<ul class=\"wp-block-list\">\n<li>R\u0131za Akpolat (Be\u015fikta\u015f Belediye Ba\u015fkan\u0131)<\/li>\n\n\n\n<li>Mehmet Mutlu Uysal (<span style=\"font-weight: 400;\"><a href=\"https:\/\/www.dyo.com.tr\/\">DYO<\/a><\/span> Genel M\u00fcd\u00fcr)<\/li>\n\n\n\n<li>Erhan \u0130\u015f\u00f6zen (Mimar, AURA \u0130stanbul Kurucu \u00dcyesi)<\/li>\n<\/ul>\n\n\n\n<figure class=\"wp-block-image size-full\"><img loading=\"lazy\" decoding=\"async\" width=\"2560\" height=\"1440\" src=\"https:\/\/aura-istanbul.com\/wp-content\/uploads\/2024\/09\/AURA-Crea-Besiktas-Koyici-ve-Cevresi_Sayfa_21-scaled.jpg\" alt=\"\" class=\"wp-image-13110\" srcset=\"https:\/\/aura-istanbul.com\/wp-content\/uploads\/2024\/09\/AURA-Crea-Besiktas-Koyici-ve-Cevresi_Sayfa_21-scaled.jpg 2560w, https:\/\/aura-istanbul.com\/wp-content\/uploads\/2024\/09\/AURA-Crea-Besiktas-Koyici-ve-Cevresi_Sayfa_21-1280x720.jpg 1280w, https:\/\/aura-istanbul.com\/wp-content\/uploads\/2024\/09\/AURA-Crea-Besiktas-Koyici-ve-Cevresi_Sayfa_21-1920x1080.jpg 1920w, https:\/\/aura-istanbul.com\/wp-content\/uploads\/2024\/09\/AURA-Crea-Besiktas-Koyici-ve-Cevresi_Sayfa_21-1080x607.jpg 1080w, https:\/\/aura-istanbul.com\/wp-content\/uploads\/2024\/09\/AURA-Crea-Besiktas-Koyici-ve-Cevresi_Sayfa_21-768x432.jpg 768w, https:\/\/aura-istanbul.com\/wp-content\/uploads\/2024\/09\/AURA-Crea-Besiktas-Koyici-ve-Cevresi_Sayfa_21-1536x864.jpg 1536w, https:\/\/aura-istanbul.com\/wp-content\/uploads\/2024\/09\/AURA-Crea-Besiktas-Koyici-ve-Cevresi_Sayfa_21-2048x1152.jpg 2048w\" sizes=\"auto, (max-width: 2560px) 100vw, 2560px\" \/><\/figure>\n\n\n\n<p><strong>J\u00fcri \u00dcyeleri:<\/strong><\/p>\n\n\n\n<ul class=\"wp-block-list\">\n<li>Cafer Bozkurt (Mimar,<a href=\"http:\/\/cba-ist.com\/home\"> Cafer Bozkurt Mimarl\u0131k<\/a>)<\/li>\n\n\n\n<li>Kerem Ergino\u011flu (Mimar,<a href=\"https:\/\/ecarch.com\/anasayfa\/\"> <\/a><a href=\"https:\/\/ecarch.com\/anasayfa\/\">Ergino\u011flu &amp; \u00c7al\u0131\u015flar<\/a>)<\/li>\n\n\n\n<li>Erdil Din\u00e7er (DYO Pazarlama Direkt\u00f6r\u00fc)<\/li>\n\n\n\n<li>P\u0131nar \u015eim\u015fek (DYO Akademi M\u00fcd\u00fcr\u00fc)<\/li>\n\n\n\n<li><a href=\"https:\/\/www.resulaytemur.com\/\">Resul Aytem\u00fcr<\/a> (Ressam)<\/li>\n\n\n\n<li><a href=\"https:\/\/xxi.com.tr\/yazarlar\/tavit-koletavitoglu\">Tavit K\u00f6letavito\u011flu<\/a> (\u015eehir Planc\u0131s\u0131, Atlas Proje)<\/li>\n<\/ul>\n\n\n\n<p><strong>\u00d6d\u00fcl:<\/strong><\/p>\n\n\n\n<ul class=\"wp-block-list\">\n<li>J\u00fcri de\u011ferlendirmesiyle sonu\u00e7lanacak yar\u0131\u015fmada, birinci se\u00e7ilen gruba, DYO Boya taraf\u0131ndan 30.000 TL para \u00f6d\u00fcl\u00fc verilecektir.<\/li>\n\n\n\n<li>T\u00fcm kat\u0131l\u0131mc\u0131lara Arketon Yay\u0131nlar\u0131\u2019ndan iki adet kitap hediye edilecektir.<\/li>\n<\/ul>\n\n\n\n<figure class=\"wp-block-image size-full\"><img loading=\"lazy\" decoding=\"async\" width=\"2560\" height=\"1440\" src=\"https:\/\/aura-istanbul.com\/wp-content\/uploads\/2024\/09\/AURA-Crea-Besiktas-Koyici-ve-Cevresi_Sayfa_22-scaled.jpg\" alt=\"\" class=\"wp-image-13109\" srcset=\"https:\/\/aura-istanbul.com\/wp-content\/uploads\/2024\/09\/AURA-Crea-Besiktas-Koyici-ve-Cevresi_Sayfa_22-scaled.jpg 2560w, https:\/\/aura-istanbul.com\/wp-content\/uploads\/2024\/09\/AURA-Crea-Besiktas-Koyici-ve-Cevresi_Sayfa_22-1280x720.jpg 1280w, https:\/\/aura-istanbul.com\/wp-content\/uploads\/2024\/09\/AURA-Crea-Besiktas-Koyici-ve-Cevresi_Sayfa_22-1920x1080.jpg 1920w, https:\/\/aura-istanbul.com\/wp-content\/uploads\/2024\/09\/AURA-Crea-Besiktas-Koyici-ve-Cevresi_Sayfa_22-1080x607.jpg 1080w, https:\/\/aura-istanbul.com\/wp-content\/uploads\/2024\/09\/AURA-Crea-Besiktas-Koyici-ve-Cevresi_Sayfa_22-768x432.jpg 768w, https:\/\/aura-istanbul.com\/wp-content\/uploads\/2024\/09\/AURA-Crea-Besiktas-Koyici-ve-Cevresi_Sayfa_22-1536x864.jpg 1536w, https:\/\/aura-istanbul.com\/wp-content\/uploads\/2024\/09\/AURA-Crea-Besiktas-Koyici-ve-Cevresi_Sayfa_22-2048x1152.jpg 2048w\" sizes=\"auto, (max-width: 2560px) 100vw, 2560px\" \/><\/figure>\n\n\n\n<h1 class=\"wp-block-heading\"><br><\/h1>\n\n\n\n<p>AURA Crea \u201cBe\u015fikta\u015f K\u00f6yi\u00e7i Meydan\u0131 ve \u00c7evresi Kentsel Tasar\u0131m At\u00f6lyesi\u201d yar\u0131\u015fmas\u0131nda \u00f6d\u00fcl alan projeleri incelemek i\u00e7in t\u0131klay\u0131n\u0131z.<\/p>\n","protected":false},"excerpt":{"rendered":"<p>AURA Crea: \u201cBe\u015fikta\u015f K\u00f6yi\u00e7i Meydan\u0131 ve \u00c7evresi Kentsel Tasar\u0131m At\u00f6lyesi\u201d ba\u015fl\u0131yor!\u00a0 AURA \u0130stanbul sertifika program\u0131na dahil olan gen\u00e7 mimar ve tasar\u0131mc\u0131lar al\u0131\u015f\u0131k olduklar\u0131 \u00f6l\u00e7ek ve tasarlama s\u00fcre\u00e7lerinin s\u0131n\u0131rlar\u0131n\u0131 a\u015farak; gruplar [&hellip;]<\/p>\n","protected":false},"author":10,"featured_media":13111,"comment_status":"closed","ping_status":"open","sticky":false,"template":"","format":"standard","meta":{"_acf_changed":false,"_seopress_robots_primary_cat":"none","_seopress_titles_title":"AURA Crea: ''Be\u015fikta\u015f K\u00f6yi\u00e7i Meydan\u0131 ve \u00c7evresi Kentsel Tasar\u0131m At\u00f6lyesi'' ba\u015fl\u0131yor! | AURA \u0130stanbul","_seopress_titles_desc":"\u0130stanbul Mimarl\u0131k ve \u015eehircilik Ara\u015ft\u0131rmalar\u0131 Akademisi - AURA \u0130stanbul ve DYO Boya i\u015fbirli\u011finde d\u00fczenlenen AURA Crea yar\u0131\u015fmas\u0131 kapsam\u0131nda, Be\u015fikta\u015f K\u00f6yi\u00e7i Meydan\u0131 (Kartal heykeli) ve \u00e7evresine y\u00f6nelik, mimari ve kentsel \u00f6l\u00e7ekte \u00f6neriler geli\u015ftirilecek.","_seopress_robots_index":"","_price":"","_stock":"","_tribe_ticket_header":"","_tribe_default_ticket_provider":"","_tribe_ticket_capacity":"0","_ticket_start_date":"","_ticket_end_date":"","_tribe_ticket_show_description":"","_tribe_ticket_show_not_going":false,"_tribe_ticket_use_global_stock":"","_tribe_ticket_global_stock_level":"","_global_stock_mode":"","_global_stock_cap":"","_tribe_rsvp_for_event":"","_tribe_ticket_going_count":"","_tribe_ticket_not_going_count":"","_tribe_tickets_list":"[]","_tribe_ticket_has_attendee_info_fields":false,"_EventAllDay":false,"_EventTimezone":"","_EventStartDate":"","_EventEndDate":"","_EventStartDateUTC":"","_EventEndDateUTC":"","_EventShowMap":false,"_EventShowMapLink":false,"_EventURL":"","_EventCost":"","_EventCostDescription":"","_EventCurrencySymbol":"","_EventCurrencyCode":"","_EventCurrencyPosition":"","_EventDateTimeSeparator":"","_EventTimeRangeSeparator":"","_EventOrganizerID":[],"_EventVenueID":[],"_OrganizerEmail":"","_OrganizerPhone":"","_OrganizerWebsite":"","_VenueAddress":"","_VenueCity":"","_VenueCountry":"","_VenueProvince":"","_VenueState":"","_VenueZip":"","_VenuePhone":"","_VenueURL":"","_VenueStateProvince":"","_VenueLat":"","_VenueLng":"","_VenueShowMap":false,"_VenueShowMapLink":false,"footnotes":""},"categories":[204,191,75,1,128],"tags":[268,819,240,820,107,68],"class_list":["post-13107","post","type-post","status-publish","format-standard","has-post-thumbnail","hentry","category-aura-crea","category-blog","category-etkinlik","category-genel","category-sertifika-programi","tag-aura-crea","tag-besiktas-koyici-meydani-ve-cevresi","tag-dyo","tag-kartal-heykeli","tag-tasarim","tag-yarisma"],"acf":[],"_links":{"self":[{"href":"https:\/\/aura-istanbul.com\/index.php\/wp-json\/wp\/v2\/posts\/13107","targetHints":{"allow":["GET"]}}],"collection":[{"href":"https:\/\/aura-istanbul.com\/index.php\/wp-json\/wp\/v2\/posts"}],"about":[{"href":"https:\/\/aura-istanbul.com\/index.php\/wp-json\/wp\/v2\/types\/post"}],"author":[{"embeddable":true,"href":"https:\/\/aura-istanbul.com\/index.php\/wp-json\/wp\/v2\/users\/10"}],"replies":[{"embeddable":true,"href":"https:\/\/aura-istanbul.com\/index.php\/wp-json\/wp\/v2\/comments?post=13107"}],"version-history":[{"count":2,"href":"https:\/\/aura-istanbul.com\/index.php\/wp-json\/wp\/v2\/posts\/13107\/revisions"}],"predecessor-version":[{"id":13113,"href":"https:\/\/aura-istanbul.com\/index.php\/wp-json\/wp\/v2\/posts\/13107\/revisions\/13113"}],"wp:featuredmedia":[{"embeddable":true,"href":"https:\/\/aura-istanbul.com\/index.php\/wp-json\/wp\/v2\/media\/13111"}],"wp:attachment":[{"href":"https:\/\/aura-istanbul.com\/index.php\/wp-json\/wp\/v2\/media?parent=13107"}],"wp:term":[{"taxonomy":"category","embeddable":true,"href":"https:\/\/aura-istanbul.com\/index.php\/wp-json\/wp\/v2\/categories?post=13107"},{"taxonomy":"post_tag","embeddable":true,"href":"https:\/\/aura-istanbul.com\/index.php\/wp-json\/wp\/v2\/tags?post=13107"}],"curies":[{"name":"wp","href":"https:\/\/api.w.org\/{rel}","templated":true}]}}