{"id":13848,"date":"2025-04-30T17:54:20","date_gmt":"2025-04-30T14:54:20","guid":{"rendered":"https:\/\/aura-istanbul.com\/?p=13848"},"modified":"2025-04-30T17:56:56","modified_gmt":"2025-04-30T14:56:56","slug":"lard-buurman-collage-city-a-work-in-progress-baslikli-konusmasiyla-istanbulda","status":"publish","type":"post","link":"https:\/\/aura-istanbul.com\/index.php\/2025\/04\/30\/lard-buurman-collage-city-a-work-in-progress-baslikli-konusmasiyla-istanbulda\/","title":{"rendered":"Lard Buurman, &#8220;Collage City: A Work in Progress&#8221;\u00a0Ba\u015fl\u0131kl\u0131 Konu\u015fmas\u0131yla \u0130stanbul\u2019da!"},"content":{"rendered":"\n<p>Mimar Sinan G\u00fczel Sanatlar \u00dcniversitesi, Mimarl\u0131k B\u00f6l\u00fcm\u00fc ve Foto\u011fraf B\u00f6l\u00fcm\u00fc, AURA \u0130stanbul i\u015fbirli\u011fi ve Hollanda Krall\u0131\u011f\u0131&#8217;n\u0131n\u00a0deste\u011fiyle, belgesel foto\u011fraf ve \u00e7a\u011fda\u015f \u015fehir anlat\u0131lar\u0131 aras\u0131nda \u00fcretim yapan Hollandal\u0131 sanat\u00e7\u0131\u00a0<strong>Lard Buurman,\u00a02 May\u0131s&#8217;ta \u0130stanbul\u2019da<\/strong>\u00a0sanatseverlerle bulu\u015fuyor.\u00a0<br><br>Belgesel foto\u011fraf\u0131n kurgu ve kolaj teknikleriyle yeniden yorumland\u0131\u011f\u0131 bir anlat\u0131 dili geli\u015ftiren sanat\u00e7\u0131 Lard Buurman,\u00a0\u201c<strong>Collage City: A Work in Progress<\/strong>\u201d ba\u015fl\u0131kl\u0131 konu\u015fmas\u0131nda, kamusal alan ve insan ili\u015fkilerine odaklanan foto\u011fraf \u00e7al\u0131\u015fmalar\u0131 \u00fczerinden\u00a0<em>kolaj-kent<\/em>\u00a0ve\u00a0<em>mek\u00e2nsal koreografi<\/em>\u00a0kavramlar\u0131n\u0131 tart\u0131\u015fmaya a\u00e7acak.<br><br>Lahey\u2019deki Kraliyet Sanat Akademisi\u2019nde foto\u011fraf e\u011fitimi alan Lard Buurman\u2019\u0131n \u00e7al\u0131\u015fmalar\u0131, kamusal alanlarda g\u00fcndelik ya\u015fam\u0131 belgeleyen, \u00e7ok say\u0131da foto\u011fraf karesinin tek bir sahnede birle\u015fti\u011fi kolajlardan olu\u015fuyor. Sanat\u00e7\u0131, bu y\u00f6ntemle belgesel foto\u011fraf ile sinema aras\u0131nda melez bir anlat\u0131m dili kuruyor. 2014 y\u0131l\u0131nda Afrika \u015fehirlerine odakland\u0131\u011f\u0131\u00a0<em>Africa Junctions: Capturing the City<\/em>\u00a0adl\u0131 kitab\u0131, Hatje Cantz Verlag taraf\u0131ndan yay\u0131mlanm\u0131\u015ft\u0131r.<br><br>Sanat\u00e7\u0131, 2023 y\u0131l\u0131ndan bu yana s\u00fcrd\u00fcrmekte oldu\u011fu ve Amsterdam\u2019\u0131n g\u00fcneydo\u011fusundaki Bijlmer H-Mahallesi\u2019ndeki kentsel d\u00f6n\u00fc\u015f\u00fcm s\u00fcre\u00e7lerine odaklanan uzun soluklu projesinin \u00fcretim s\u00fcrecini foto\u011fraf ve video \u00e7al\u0131\u015fmalar\u0131 e\u015fli\u011finde aktaracak. Mahallenin sakinleriyle yerel y\u00f6netim aras\u0131ndaki ili\u015fkileri g\u00f6zlemleyen Buurman, bu \u00f6zg\u00fcn kent dokusunun d\u00f6n\u00fc\u015f\u00fcm\u00fcne belgesel esteti\u011fini ve kendi geli\u015ftirdi\u011fi kolaj tekni\u011fini kullanarak bak\u0131yor.<br><br><strong>Konferans:<br>Tarih:<\/strong>\u00a02 May\u0131s 2025, 15.00-16.00<br><strong>Yer:<\/strong>\u00a0\u0130RHM &#8211; \u0130stanbul Resim Heykel M\u00fczesi\u00a0<br><strong>Etkinlik Dili:<\/strong>\u00a0\u0130ngilizce<br><strong>Kat\u0131l\u0131m:<\/strong>\u00a0Herkese a\u00e7\u0131k ve \u00fccretsiz.\u00a0<br><\/p>\n\n\n\n<p><img decoding=\"async\" width=\"564.0000610351562\" src=\"https:\/\/ci3.googleusercontent.com\/meips\/ADKq_NbU2-vu-EP_DdJ3lfAJujOKWhLmQ0vMqt2wfYsshwk7w5j_mO2ZQtXan_moYyR7ch2puy8WOzo78z7voTNlk6UmV4bE37Z0ok3Xb87MoBvdEhBO_eY9Kj1W3B2vHYsSdIwiiAdAUOhxmeIMW_g9yUUos92VMu3EEh0i=s0-d-e1-ft#https:\/\/mcusercontent.com\/1f049cef319a5617209d77a03\/images\/b53a2a0b-6de9-16b3-2a6d-c9c1ef9bd41c.jpeg\" alt=\"\"><\/p>\n\n\n\n<p>Program s\u00fcresince, MSGS\u00dc Mimarl\u0131k B\u00f6l\u00fcm\u00fc\u2019nde y\u00fcr\u00fct\u00fclen\u00a0<strong>MIM3086 Urban Photography<\/strong>\u00a0dersi kapsam\u0131nda, MSGS\u00dc \u00f6\u011frencileri ve AURA \u0130stanbul ara\u015ft\u0131rmac\u0131lar\u0131n\u0131n kat\u0131l\u0131m\u0131yla,\u00a0<strong>Lard Buurman ve Ela Ka\u00e7el<\/strong>\u00a0y\u00fcr\u00fct\u00fcc\u00fcl\u00fc\u011f\u00fcnde \u201c<strong>Collage City<\/strong>\u201d ba\u015fl\u0131kl\u0131 bir at\u00f6lye \u00e7al\u0131\u015fmas\u0131 da d\u00fczenleniyor. At\u00f6lyenin\u00a0<strong>final de\u011ferlendirmesi<\/strong>,\u00a0<strong>3 May\u0131s Cumartesi g\u00fcn\u00fc saat 14.00-18.00<\/strong>\u00a0aras\u0131nda\u00a0<strong>AURA \u0130stanbul<\/strong>\u2019da herkese a\u00e7\u0131k olarak ger\u00e7ekle\u015ftirilecektir.\u00a0Final sunumlar\u0131,\u00a0\u00c7etin Ergand, Volkan K\u0131z\u0131ltun\u00e7, Ecem Ergin, Sinan \u0130zgi ve Y\u0131lmaz De\u011fer\u2019in yorumlar\u0131yla da zenginle\u015fecek.\u00a0<br><br><strong>At\u00f6lye Final De\u011ferlendirmeleri:\u00a0<\/strong><br><strong>Tarih:<\/strong>\u00a03 May\u0131s 2025, 14.00-18.00<br><strong>Yer:<\/strong>\u00a0AURA \u0130stanbul<br><strong>Etkinlik Dili:<\/strong>\u00a0\u0130ngilizce<br><strong>Kat\u0131l\u0131m:<\/strong>\u00a0Herkese a\u00e7\u0131k ve \u00fccretsiz.<\/p>\n","protected":false},"excerpt":{"rendered":"<p>Mimar Sinan G\u00fczel Sanatlar \u00dcniversitesi, Mimarl\u0131k B\u00f6l\u00fcm\u00fc ve Foto\u011fraf B\u00f6l\u00fcm\u00fc, AURA \u0130stanbul i\u015fbirli\u011fi ve Hollanda Krall\u0131\u011f\u0131&#8217;n\u0131n\u00a0deste\u011fiyle, belgesel foto\u011fraf ve \u00e7a\u011fda\u015f \u015fehir anlat\u0131lar\u0131 aras\u0131nda \u00fcretim yapan Hollandal\u0131 sanat\u00e7\u0131\u00a0Lard Buurman,\u00a02 May\u0131s&#8217;ta \u0130stanbul\u2019da\u00a0sanatseverlerle [&hellip;]<\/p>\n","protected":false},"author":10,"featured_media":13850,"comment_status":"open","ping_status":"open","sticky":false,"template":"","format":"standard","meta":{"_acf_changed":false,"_seopress_robots_primary_cat":"none","_seopress_titles_title":"Lard Buurman, \"Collage City: A Work in Progress\"\u00a0Ba\u015fl\u0131kl\u0131 Konu\u015fmas\u0131yla \u0130stanbul\u2019da!","_seopress_titles_desc":"Mimar Sinan G\u00fczel Sanatlar \u00dcniversitesi, Mimarl\u0131k B\u00f6l\u00fcm\u00fc ve Foto\u011fraf B\u00f6l\u00fcm\u00fc, AURA \u0130stanbul i\u015fbirli\u011fi ve Hollanda Krall\u0131\u011f\u0131'n\u0131n deste\u011fiyle, belgesel foto\u011fraf ve \u00e7a\u011fda\u015f \u015fehir anlat\u0131lar\u0131 aras\u0131nda \u00fcretim yapan Hollandal\u0131 sanat\u00e7\u0131 Lard Buurman, 2 May\u0131s'ta \u0130stanbul\u2019da sanatseverlerle bulu\u015fuyor.","_seopress_robots_index":"","_price":"","_stock":"","_tribe_ticket_header":"","_tribe_default_ticket_provider":"","_tribe_ticket_capacity":"0","_ticket_start_date":"","_ticket_end_date":"","_tribe_ticket_show_description":"","_tribe_ticket_show_not_going":false,"_tribe_ticket_use_global_stock":"","_tribe_ticket_global_stock_level":"","_global_stock_mode":"","_global_stock_cap":"","_tribe_rsvp_for_event":"","_tribe_ticket_going_count":"","_tribe_ticket_not_going_count":"","_tribe_tickets_list":"[]","_tribe_ticket_has_attendee_info_fields":false,"_EventAllDay":false,"_EventTimezone":"","_EventStartDate":"","_EventEndDate":"","_EventStartDateUTC":"","_EventEndDateUTC":"","_EventShowMap":false,"_EventShowMapLink":false,"_EventURL":"","_EventCost":"","_EventCostDescription":"","_EventCurrencySymbol":"","_EventCurrencyCode":"","_EventCurrencyPosition":"","_EventDateTimeSeparator":"","_EventTimeRangeSeparator":"","_EventOrganizerID":[],"_EventVenueID":[],"_OrganizerEmail":"","_OrganizerPhone":"","_OrganizerWebsite":"","_VenueAddress":"","_VenueCity":"","_VenueCountry":"","_VenueProvince":"","_VenueState":"","_VenueZip":"","_VenuePhone":"","_VenueURL":"","_VenueStateProvince":"","_VenueLat":"","_VenueLng":"","_VenueShowMap":false,"_VenueShowMapLink":false,"footnotes":""},"categories":[191,75],"tags":[862,792,861,70,85,366,403],"class_list":["post-13848","post","type-post","status-publish","format-standard","has-post-thumbnail","hentry","category-blog","category-etkinlik","tag-collage-city","tag-ela-kacel","tag-lard-buurman","tag-mimarlik","tag-sanat","tag-seminer","tag-workshop"],"acf":[],"_links":{"self":[{"href":"https:\/\/aura-istanbul.com\/index.php\/wp-json\/wp\/v2\/posts\/13848","targetHints":{"allow":["GET"]}}],"collection":[{"href":"https:\/\/aura-istanbul.com\/index.php\/wp-json\/wp\/v2\/posts"}],"about":[{"href":"https:\/\/aura-istanbul.com\/index.php\/wp-json\/wp\/v2\/types\/post"}],"author":[{"embeddable":true,"href":"https:\/\/aura-istanbul.com\/index.php\/wp-json\/wp\/v2\/users\/10"}],"replies":[{"embeddable":true,"href":"https:\/\/aura-istanbul.com\/index.php\/wp-json\/wp\/v2\/comments?post=13848"}],"version-history":[{"count":2,"href":"https:\/\/aura-istanbul.com\/index.php\/wp-json\/wp\/v2\/posts\/13848\/revisions"}],"predecessor-version":[{"id":13853,"href":"https:\/\/aura-istanbul.com\/index.php\/wp-json\/wp\/v2\/posts\/13848\/revisions\/13853"}],"wp:featuredmedia":[{"embeddable":true,"href":"https:\/\/aura-istanbul.com\/index.php\/wp-json\/wp\/v2\/media\/13850"}],"wp:attachment":[{"href":"https:\/\/aura-istanbul.com\/index.php\/wp-json\/wp\/v2\/media?parent=13848"}],"wp:term":[{"taxonomy":"category","embeddable":true,"href":"https:\/\/aura-istanbul.com\/index.php\/wp-json\/wp\/v2\/categories?post=13848"},{"taxonomy":"post_tag","embeddable":true,"href":"https:\/\/aura-istanbul.com\/index.php\/wp-json\/wp\/v2\/tags?post=13848"}],"curies":[{"name":"wp","href":"https:\/\/api.w.org\/{rel}","templated":true}]}}