{"id":16468,"date":"2026-04-28T12:30:03","date_gmt":"2026-04-28T09:30:03","guid":{"rendered":"https:\/\/aura-istanbul.com\/?p=16468"},"modified":"2026-04-28T12:30:04","modified_gmt":"2026-04-28T09:30:04","slug":"cumartesi-aurasi-cem-sorguc-ozgur-bingol-cok-konut","status":"publish","type":"post","link":"https:\/\/aura-istanbul.com\/index.php\/2026\/04\/28\/cumartesi-aurasi-cem-sorguc-ozgur-bingol-cok-konut\/","title":{"rendered":"Cumartesi Auras\u0131: Cem Sorgu\u00e7 &#8211; \u00d6zg\u00fcr Bing\u00f6l &#8220;\u00c7ok Konut&#8221;"},"content":{"rendered":"\n<p>Cem Sorgu\u00e7 ve \u00d6zg\u00fcr Bing\u00f6l, &#8220;\u00c7ok Konut&#8221; ba\u015fl\u0131kl\u0131 konu\u015fmas\u0131yla AURA \u0130stanbul&#8217;da!<\/p>\n\n\n\n<p>2017 y\u0131l\u0131ndan bu yana herkesin kat\u0131l\u0131m\u0131na a\u00e7\u0131k ve \u00fccretsiz olarak d\u00fczenlenen Cumartesi Auras\u0131 disiplinler aras\u0131 konferans dizisi, 2026 Bahar D\u00f6nemi\u2019nde AURA \u0130stanbul\u2019un Be\u015fikta\u015f\u2019taki merkezinde y\u00fcz y\u00fcze olarak s\u00fcr\u00fcyor.<br><br>Cumartesi Auras\u0131 konferans dizisi, bu d\u00f6nemin y\u00fcr\u00fct\u00fcc\u00fcs\u00fc Tansel Korkmaz\u2019\u0131n moderat\u00f6rl\u00fc\u011f\u00fcnde, \u201cMimarl\u0131k ve Kentsel Tasar\u0131m: Vaka Analizleri\u201d ba\u015fl\u0131kl\u0131 s\u00f6yle\u015fi dizisi kapsam\u0131nda ger\u00e7ekle\u015fiyor.<br><br>2 May\u0131s 2026 Cumartesi g\u00fcn\u00fc saat 13.00\u2019te ger\u00e7ekle\u015fecek bulu\u015fmada Cem Sorgu\u00e7 ve \u00d6zg\u00fcr Bing\u00f6l konuk oluyor.<\/p>\n\n\n\n<p>Stoneline\u2019\u0131n deste\u011fi ve Kahve D\u00fcnyas\u0131\u2019n\u0131n ikramlar\u0131yla d\u00fczenlenen konferans herkese a\u00e7\u0131k ve \u00fccretsizdir. Kontenjan s\u0131n\u0131rl\u0131d\u0131r.<br><br><strong>Cem Sorgu\u00e7<\/strong><\/p>\n\n\n\n<p>Mimar Sinan \u00dcniversitesi Mimarl\u0131k Fak\u00fcltesi Mimarl\u0131k B\u00f6l\u00fcm\u00fcn\u00fc tamamlayan Sorgu\u00e7 2002 y\u0131l\u0131ndan beri kurucusu oldu\u011fu CM Mimarl\u0131k d\u00e2hilinde aktif olarak mimarl\u0131k yapmakta.<\/p>\n\n\n\n<p>2013 y\u0131l\u0131ndan beri devam etmekte oldu\u011fu Mimar Sinan G\u00fczel Sanatlar \u00dcniversitesindeki \u00f6\u011fretim g\u00f6revlili\u011finin yan\u0131 s\u0131ra Bilgi \u00dcniversitesi, \u0130T\u00dc (\u0130stanbul Teknik \u00dcniversitesi) Mimarl\u0131k B\u00f6l\u00fcmleri ile AURAistanbul (Architectural Urbanizm Reserch Academy) b\u00fcnyesinde lisans ve lisans\u00fcst\u00fc proje y\u00fcr\u00fct\u00fcc\u00fcl\u00fc\u011f\u00fc yapt\u0131.<\/p>\n\n\n\n<p>2016 y\u0131l\u0131nda \u0130stanbul Modern\u2019de \u201cGe\u00e7 Olmadan Eve D\u00f6n\u201d sergisinin k\u00fcrat\u00f6rl\u00fc\u011f\u00fc, 2012 y\u0131l\u0131nda Depo Galeri\u2019de \u201cUzayda Bir Elektrik H\u00e2s\u0131l Oldu\u201d 1960\u2019larda M\u00fczikli T\u00fcrkiye sergisinin sergi tasar\u0131m\u0131 ve katk\u0131s\u0131nda bulundu.<\/p>\n\n\n\n<p>\u0130z Tv i\u00e7in Gazhaneler\u201d \u00fczerine bir belgeselin haz\u0131rlan\u0131p sunulmas\u0131 ile gene ayn\u0131 kanalda \u201c<a href=\"https:\/\/www.youtube.com\/watch?v=UV0VR-hoZqQ\" target=\"_blank\" rel=\"noreferrer noopener\">Ge\u00e7mi\u015ften G\u00fcn\u00fcm\u00fcze Yatak<\/a>\u201d belgeseline katk\u0131 sa\u011flad\u0131.<\/p>\n\n\n\n<p>Dj\u2019lik, gazetelerde ve dergilerde (Express, 1+1, Post-Express, Gen\u00e7, Roll, \u0130skenderiye Yaz\u0131lar\u0131, Radikal Gazetesi, \u0130stanbul Art News (IAN), XXI, Betonart, Beyond, vs. ) m\u00fczik, \u015fehir, mek\u00e2n, mimarl\u0131k gibi konularda s\u00fcreli ve kesintili yaz\u0131lar yazd\u0131 ve zaman zaman yazmaya devam etmekte.<\/p>\n\n\n\n<p>27 y\u0131ld\u0131r A\u00e7\u0131k Radyo b\u00fcnyesinde muhtelif radyo programlar\u0131 yapt\u0131 ve yapmaya devam ediyor. 2022 y\u0131l\u0131nda ba\u015flad\u0131\u011f\u0131 <a href=\"https:\/\/open.spotify.com\/show\/4UCswpPRDywe1tqDqeUHAh\" target=\"_blank\" rel=\"noreferrer noopener\">Hey! Beyo\u011flu<\/a> podcast yay\u0131nlar\u0131 ile \u0130stanbul, Beyo\u011flu ve Galata merkezinde \u015fehir, tarih, yap\u0131lar ve mimarlar \u00fczerine programlar yapmakta.<br><br>Detayl\u0131 bilgi i\u00e7in: <a href=\"https:\/\/cmmimarlik.com.tr\/\" target=\"_blank\" rel=\"noreferrer noopener\">cmmimarlik.com<br><\/a><\/p>\n\n\n\n<p><strong>\u00d6zg\u00fcr Bing\u00f6l<\/strong><\/p>\n\n\n\n<p>Mimar Sinan G\u00fczel Sanatlar \u00dcniversitesi Mimarl\u0131k B\u00f6l\u00fcm\u00fc\u2019nden 1998 y\u0131l\u0131nda mezun oldu. Ayn\u0131 \u00fcniversitede toplu konut mimarisi \u00fczerine yapt\u0131\u011f\u0131 \u00e7al\u0131\u015fmayla 2001\u2019de y\u00fcksek lisans\u0131n\u0131, mimarl\u0131kta tip kavram\u0131na odaklanan teziyle 2007\u2019de doktoras\u0131n\u0131 tamamlad\u0131.<\/p>\n\n\n\n<p>Akademik \u00e7al\u0131\u015fmalar\u0131n\u0131 MSGS\u00dc Mimarl\u0131k Fak\u00fcltesi\u2019nde s\u00fcrd\u00fcren Bing\u00f6l, mimari tasar\u0131m ve planlama alanlar\u0131nda e\u011fitim vermekte; toplu konut planlamas\u0131, sosyal konut \u00fcretimi ve kentsel mek\u00e2n \u00fczerine ara\u015ft\u0131rmalar y\u00fcr\u00fctmektedir. Bu alanlarda geli\u015ftirdi\u011fi yakla\u015f\u0131m, mimarl\u0131k ile kent aras\u0131ndaki ili\u015fkiyi kuramsal ve pratik boyutlar\u0131yla birlikte ele al\u0131r.<\/p>\n\n\n\n<p>2000 y\u0131l\u0131ndan bu yana birlikte \u00e7al\u0131\u015ft\u0131\u011f\u0131 \u0130lke Barka ile 2011 y\u0131l\u0131nda kurdu\u011fu BBMD | Bing\u00f6l Barka Mimarl\u0131k &amp; Dan\u0131\u015fmanl\u0131k b\u00fcnyesinde profesyonel \u00fcretimlerini s\u00fcrd\u00fcrmektedir. Ofis \u00e7al\u0131\u015fmalar\u0131; toplu konut, end\u00fcstri, k\u00fclt\u00fcr ve kamu yap\u0131lar\u0131 ile kentsel tasar\u0131m projelerine odaklan\u0131rken, yar\u0131\u015fmalar ve ara\u015ft\u0131rma projeleri bu \u00fcretimin \u00f6nemli bir par\u00e7as\u0131n\u0131 olu\u015fturur.<\/p>\n\n\n\n<p>Bing\u00f6l\u2019\u00fcn \u00e7al\u0131\u015fmalar\u0131, mimarl\u0131k prati\u011fi ile akademik d\u00fc\u015f\u00fcnce aras\u0131nda kurdu\u011fu ili\u015fki \u00fczerinden \u015fekillenir; farkl\u0131 \u00f6l\u00e7eklerde geli\u015ftirdi\u011fi projelerle kent \u00fczerine ele\u015ftirel ve \u00fcretken bir zemin kurmay\u0131 hedefler.<br><br>Detayl\u0131 bilgi i\u00e7in: <a href=\"https:\/\/bingolbarka.com\/profil\/\" target=\"_blank\" rel=\"noreferrer noopener\">bingolbarka.com<\/a><\/p>\n\n\n\n<p><strong>Cumartesi Auras\u0131<\/strong><\/p>\n\n\n\n<p>Cumartesi Auras\u0131, \u0130stanbul Mimarl\u0131k ve \u015eehircilik Ara\u015ft\u0131rmalar\u0131 Akademisi \u2013 AURA \u0130stanbul\u2019un Sertifika Program\u0131 kapsam\u0131nda, program kat\u0131l\u0131mc\u0131lar\u0131na y\u00f6nelik d\u00fczenlenen disiplinler aras\u0131 nitelikteki konferans dizisidir. Mimarl\u0131k, \u015fehircilik, sanat, edebiyat, teknoloji ve felsefe dallar\u0131nda tart\u0131\u015fma, bulu\u015fma ve fark\u0131ndal\u0131k ortam\u0131 olu\u015fturmay\u0131 hedefler.<\/p>\n\n\n\n<p>2017 y\u0131l\u0131ndan bug\u00fcne herkesin kat\u0131l\u0131m\u0131na a\u00e7\u0131k ve \u00fccretsiz olarak d\u00fczenlenen, Cumartesi Auras\u0131 disiplinler aras\u0131 konferans dizisi, AURA \u0130stanbul\u2019un Be\u015fikta\u015f\u2019ta yer alan merkezinde y\u00fcz y\u00fcze olarak devam ediyor.<\/p>\n\n\n\n<p>Cumartesi Auras\u0131 etkinlik ar\u015fivine ula\u015fmak ve AURA \u0130stanbul Youtube kanal\u0131 \u00fczerinden izlemek i\u00e7in&nbsp;<a href=\"https:\/\/www.youtube.com\/playlist?list=PL2BKzkLHqq-c6S9tg-5dz8sMfskkDbdsb\" target=\"_blank\" rel=\"noreferrer noopener\">t\u0131klay\u0131n\u0131z<\/a>.<\/p>\n\n\n\n<p><\/p>\n","protected":false},"excerpt":{"rendered":"<p>Cem Sorgu\u00e7 ve \u00d6zg\u00fcr Bing\u00f6l, &#8220;\u00c7ok Konut&#8221; ba\u015fl\u0131kl\u0131 konu\u015fmas\u0131yla AURA \u0130stanbul&#8217;da! 2017 y\u0131l\u0131ndan bu yana herkesin kat\u0131l\u0131m\u0131na a\u00e7\u0131k ve \u00fccretsiz olarak d\u00fczenlenen Cumartesi Auras\u0131 disiplinler aras\u0131 konferans dizisi, 2026 Bahar [&hellip;]<\/p>\n","protected":false},"author":11,"featured_media":16466,"comment_status":"open","ping_status":"open","sticky":false,"template":"","format":"standard","meta":{"_acf_changed":false,"_seopress_robots_primary_cat":"none","_seopress_titles_title":"Cumartesi Auras\u0131: Cem Sorgu\u00e7 - \u00d6zg\u00fcr Bing\u00f6l \"\u00c7ok Konut\"","_seopress_titles_desc":"Cem Sorgu\u00e7 ve \u00d6zg\u00fcr Bing\u00f6l, \"\u00c7ok Konut\" ba\u015fl\u0131kl\u0131 konu\u015fmas\u0131yla AURA \u0130stanbul'da!","_seopress_robots_index":"","_price":"","_stock":"","_tribe_ticket_header":"","_tribe_default_ticket_provider":"","_tribe_ticket_capacity":"0","_ticket_start_date":"","_ticket_end_date":"","_tribe_ticket_show_description":"","_tribe_ticket_show_not_going":false,"_tribe_ticket_use_global_stock":"","_tribe_ticket_global_stock_level":"","_global_stock_mode":"","_global_stock_cap":"","_tribe_rsvp_for_event":"","_tribe_ticket_going_count":"","_tribe_ticket_not_going_count":"","_tribe_tickets_list":"[]","_tribe_ticket_has_attendee_info_fields":false,"_EventAllDay":false,"_EventTimezone":"","_EventStartDate":"","_EventEndDate":"","_EventStartDateUTC":"","_EventEndDateUTC":"","_EventShowMap":false,"_EventShowMapLink":false,"_EventURL":"","_EventCost":"","_EventCostDescription":"","_EventCurrencySymbol":"","_EventCurrencyCode":"","_EventCurrencyPosition":"","_EventDateTimeSeparator":"","_EventTimeRangeSeparator":"","_EventOrganizerID":[],"_EventVenueID":[],"_OrganizerEmail":"","_OrganizerPhone":"","_OrganizerWebsite":"","_VenueAddress":"","_VenueCity":"","_VenueCountry":"","_VenueProvince":"","_VenueState":"","_VenueZip":"","_VenuePhone":"","_VenueURL":"","_VenueStateProvince":"","_VenueLat":"","_VenueLng":"","_VenueShowMap":false,"_VenueShowMapLink":false,"footnotes":""},"categories":[856,191,55,75,785],"tags":[563,70,366],"class_list":["post-16468","post","type-post","status-publish","format-standard","has-post-thumbnail","hentry","category-akilcilik-otesi-mimarlik","category-blog","category-cumartesi-aurasi","category-etkinlik","category-parametric-architecture","tag-kentsel-donusum","tag-mimarlik","tag-seminer"],"acf":[],"_links":{"self":[{"href":"https:\/\/aura-istanbul.com\/index.php\/wp-json\/wp\/v2\/posts\/16468","targetHints":{"allow":["GET"]}}],"collection":[{"href":"https:\/\/aura-istanbul.com\/index.php\/wp-json\/wp\/v2\/posts"}],"about":[{"href":"https:\/\/aura-istanbul.com\/index.php\/wp-json\/wp\/v2\/types\/post"}],"author":[{"embeddable":true,"href":"https:\/\/aura-istanbul.com\/index.php\/wp-json\/wp\/v2\/users\/11"}],"replies":[{"embeddable":true,"href":"https:\/\/aura-istanbul.com\/index.php\/wp-json\/wp\/v2\/comments?post=16468"}],"version-history":[{"count":1,"href":"https:\/\/aura-istanbul.com\/index.php\/wp-json\/wp\/v2\/posts\/16468\/revisions"}],"predecessor-version":[{"id":16469,"href":"https:\/\/aura-istanbul.com\/index.php\/wp-json\/wp\/v2\/posts\/16468\/revisions\/16469"}],"wp:featuredmedia":[{"embeddable":true,"href":"https:\/\/aura-istanbul.com\/index.php\/wp-json\/wp\/v2\/media\/16466"}],"wp:attachment":[{"href":"https:\/\/aura-istanbul.com\/index.php\/wp-json\/wp\/v2\/media?parent=16468"}],"wp:term":[{"taxonomy":"category","embeddable":true,"href":"https:\/\/aura-istanbul.com\/index.php\/wp-json\/wp\/v2\/categories?post=16468"},{"taxonomy":"post_tag","embeddable":true,"href":"https:\/\/aura-istanbul.com\/index.php\/wp-json\/wp\/v2\/tags?post=16468"}],"curies":[{"name":"wp","href":"https:\/\/api.w.org\/{rel}","templated":true}]}}