{"id":3145,"date":"2018-05-23T16:00:49","date_gmt":"2018-05-23T13:00:49","guid":{"rendered":"https:\/\/aura-istanbul.com\/?p=3145"},"modified":"2020-08-21T22:07:04","modified_gmt":"2020-08-21T19:07:04","slug":"aydinlatma","status":"publish","type":"post","link":"https:\/\/aura-istanbul.com\/index.php\/2018\/05\/23\/aydinlatma\/","title":{"rendered":"AURA-Focus: Mimari Ayd\u0131nlatma ve Tasar\u0131m\u0131"},"content":{"rendered":"<p>AURA-Focus* seminer dizisi, 25 May\u0131s 2018&#8217;de, saat 13:30&#8217;da UVA Ayd\u0131nlatma deste\u011fiyle, &#8220;Mimari Ayd\u0131nlatma ve Tasar\u0131m\u0131&#8221; ba\u015fl\u0131kl\u0131 seminer dizisinde Phillips ile ON OFF Ayd\u0131nlatma Tasar\u0131m\u0131&#8217;n\u0131 konuk ediyor.<\/p>\n<p>Kat\u0131l\u0131mc\u0131lar mimari ayd\u0131nlatma tasar\u0131m\u0131nda kullan\u0131lan \u00fcr\u00fcnleri tan\u0131ma, teknik \u00f6zellikleri hakk\u0131nda bilgi edinme ve referans projeler \u00fczerinden kullan\u0131m alanlar\u0131n\u0131 g\u00f6rme f\u0131rsat\u0131 bulacaklar.<br \/>\nAyd\u0131nlatma Tasar\u0131mc\u0131s\u0131, Ali Berkman ile \u0131\u015f\u0131k ve mekansal deneyimleri \u00fczerine konu\u015fma, tasar\u0131m ve uygulama aras\u0131ndaki ili\u015fkileri, \u00fcr\u00fcnlerin projelere uyarlanmas\u0131nda g\u00f6z \u00f6n\u00fcnde bulundurulan kriterleri tart\u0131\u015fma olana\u011f\u0131 elde edecekler.<\/p>\n<p>Program:<br \/>\nAURA-\u0130stanbul, Toplant\u0131 Salonu, Bulu\u015fma<br \/>\n*13:30: Mimari Ayd\u0131nlatma \u00dcr\u00fcnlerinde Yeni Trendler<br \/>\nKonu\u015fmac\u0131lar: Emre ERTOK\/ Philips \u0130\u00e7 Ayd\u0131nlatma \u00dcr\u00fcn M\u00fcd\u00fcr\u00fc<br \/>\nOnur URAZ\/ Philips D\u0131\u015f Ayd\u0131nlatma \u00dcr\u00fcn M\u00fcd\u00fcr\u00fc<br \/>\n*15:00: Kahve Molas\u0131<br \/>\n*15:30: I\u015f\u0131k ve Mekansal Deneyim<br \/>\nKonu\u015fmac\u0131: Ali BERKMAN \/ On|Off Lighting Design Consultants | Ayd\u0131nlatma Tasar\u0131mc\u0131s\u0131<br \/>\n17:00: Kokteyl<\/p>\n<p>*AURA-Focus,\u00a0<a href=\"https:\/\/www.facebook.com\/auraistanbulakademi\/\" data-hovercard=\"\/ajax\/hovercard\/page.php?id=1735864083402927&amp;extragetparams=%7B%22directed_target_id%22%3A319261078553121%7D\" data-hovercard-prefer-more-content-show=\"1\">Aura \u0130stanbul<\/a>\u00a0Mimarl\u0131k ve \u015eehircilik Ara\u015ft\u0131rmalar\u0131 Akademisi Sertifika Program\u0131 dahilinde d\u00fczenlenen, gen\u00e7 mimar ve tasar\u0131mc\u0131lar\u0131, yap\u0131 \u00fcr\u00fcnleri ve tasar\u0131mc\u0131lar\u0131 ile ortak bir platformda bulu\u015fturmay\u0131 hedefleyen seminer dizisidir. Etkinlik \u00fccretsizdir. Kat\u0131l\u0131m i\u00e7in info@aura-istanbul.com adresi ile ileti\u015fime ge\u00e7ebilirsiniz.<\/p>\n","protected":false},"excerpt":{"rendered":"<p>AURA-Focus* seminer dizisi, 25 May\u0131s 2018&#8217;de, saat 13:30&#8217;da UVA Ayd\u0131nlatma deste\u011fiyle, &#8220;Mimari Ayd\u0131nlatma ve Tasar\u0131m\u0131&#8221; ba\u015fl\u0131kl\u0131 seminer dizisinde Phillips ile ON OFF Ayd\u0131nlatma Tasar\u0131m\u0131&#8217;n\u0131 konuk ediyor. Kat\u0131l\u0131mc\u0131lar mimari ayd\u0131nlatma tasar\u0131m\u0131nda [&hellip;]<\/p>\n","protected":false},"author":2,"featured_media":3147,"comment_status":"closed","ping_status":"open","sticky":false,"template":"","format":"standard","meta":{"_acf_changed":false,"_seopress_robots_primary_cat":"","_seopress_titles_title":"","_seopress_titles_desc":"","_seopress_robots_index":"","_price":"","_stock":"","_tribe_ticket_header":"","_tribe_default_ticket_provider":"","_tribe_ticket_capacity":"0","_ticket_start_date":"","_ticket_end_date":"","_tribe_ticket_show_description":"","_tribe_ticket_show_not_going":false,"_tribe_ticket_use_global_stock":"","_tribe_ticket_global_stock_level":"","_global_stock_mode":"","_global_stock_cap":"","_tribe_rsvp_for_event":"","_tribe_ticket_going_count":"","_tribe_ticket_not_going_count":"","_tribe_tickets_list":"[]","_tribe_ticket_has_attendee_info_fields":false,"_EventAllDay":false,"_EventTimezone":"","_EventStartDate":"","_EventEndDate":"","_EventStartDateUTC":"","_EventEndDateUTC":"","_EventShowMap":false,"_EventShowMapLink":false,"_EventURL":"","_EventCost":"","_EventCostDescription":"","_EventCurrencySymbol":"","_EventCurrencyCode":"","_EventCurrencyPosition":"","_EventDateTimeSeparator":"","_EventTimeRangeSeparator":"","_EventOrganizerID":[],"_EventVenueID":[],"_OrganizerEmail":"","_OrganizerPhone":"","_OrganizerWebsite":"","_VenueAddress":"","_VenueCity":"","_VenueCountry":"","_VenueProvince":"","_VenueState":"","_VenueZip":"","_VenuePhone":"","_VenueURL":"","_VenueStateProvince":"","_VenueLat":"","_VenueLng":"","_VenueShowMap":false,"_VenueShowMapLink":false,"footnotes":""},"categories":[64],"tags":[112,111,110,107,109],"class_list":["post-3145","post","type-post","status-publish","format-standard","has-post-thumbnail","hentry","category-aura-focus","tag-ali-berkman","tag-aydinlatma","tag-on-off-lighting","tag-tasarim","tag-uva"],"acf":[],"_links":{"self":[{"href":"https:\/\/aura-istanbul.com\/index.php\/wp-json\/wp\/v2\/posts\/3145","targetHints":{"allow":["GET"]}}],"collection":[{"href":"https:\/\/aura-istanbul.com\/index.php\/wp-json\/wp\/v2\/posts"}],"about":[{"href":"https:\/\/aura-istanbul.com\/index.php\/wp-json\/wp\/v2\/types\/post"}],"author":[{"embeddable":true,"href":"https:\/\/aura-istanbul.com\/index.php\/wp-json\/wp\/v2\/users\/2"}],"replies":[{"embeddable":true,"href":"https:\/\/aura-istanbul.com\/index.php\/wp-json\/wp\/v2\/comments?post=3145"}],"version-history":[{"count":2,"href":"https:\/\/aura-istanbul.com\/index.php\/wp-json\/wp\/v2\/posts\/3145\/revisions"}],"predecessor-version":[{"id":4236,"href":"https:\/\/aura-istanbul.com\/index.php\/wp-json\/wp\/v2\/posts\/3145\/revisions\/4236"}],"wp:featuredmedia":[{"embeddable":true,"href":"https:\/\/aura-istanbul.com\/index.php\/wp-json\/wp\/v2\/media\/3147"}],"wp:attachment":[{"href":"https:\/\/aura-istanbul.com\/index.php\/wp-json\/wp\/v2\/media?parent=3145"}],"wp:term":[{"taxonomy":"category","embeddable":true,"href":"https:\/\/aura-istanbul.com\/index.php\/wp-json\/wp\/v2\/categories?post=3145"},{"taxonomy":"post_tag","embeddable":true,"href":"https:\/\/aura-istanbul.com\/index.php\/wp-json\/wp\/v2\/tags?post=3145"}],"curies":[{"name":"wp","href":"https:\/\/api.w.org\/{rel}","templated":true}]}}