{"id":4904,"date":"2019-03-05T17:11:04","date_gmt":"2019-03-05T14:11:04","guid":{"rendered":"https:\/\/aura-istanbul.com\/?p=4904"},"modified":"2020-08-21T22:06:20","modified_gmt":"2020-08-21T19:06:20","slug":"cumartesi-aurasi-esen-caglar-sehir-ve-ekonomi-3","status":"publish","type":"post","link":"https:\/\/aura-istanbul.com\/index.php\/2019\/03\/05\/cumartesi-aurasi-esen-caglar-sehir-ve-ekonomi-3\/","title":{"rendered":"Cumartesi Auras\u0131: Esen \u00c7a\u011flar &#8220;\u015eehir ve Ekonomi-3&#8221;"},"content":{"rendered":"<p><strong>Cumartesi Auras\u0131: Esen \u00c7a\u011flar \u201c\u015eehir ve Ekonomi &#8211; 3\u201d<br \/>\n9 Mart 2019 \/ Cumartesi \/ 15:00 \/\u00a0Aura \u0130stanbul<br \/>\nEtkinlik Sponsoru: <a href=\"http:\/\/stoneline.com.tr\/tr\/anasayfa\/\">Stoneline<\/a><br \/>\n<\/strong><strong><span class=\"_247o\" spellcheck=\"false\" data-offset-key=\"d5spd-1-0\">Kay\u0131t i\u00e7in <a href=\"https:\/\/www.eventbrite.com\/e\/cumartesi-auras-esen-caglar-sehir-ve-ekonomi-3-tickets-58059527610\">t\u0131klay\u0131n\u0131z.<\/a><\/span><\/strong><\/p>\n<p>Aura \u0130stanbul Mimarl\u0131k ve \u015eehircilik Ara\u015ft\u0131rmalar\u0131 Akademisi\u2019nin Sertifika Program\u0131 dahilinde, iki haftada bir d\u00fczenlenen Cumartesi Auras\u0131 konferans dizisi devam ediyor. Bahar 2019 d\u00f6neminin ilk Cumartesi Auras\u0131&#8217;n\u0131n konu\u011fu \u201c<strong>\u015eehir ve Ekonomi &#8211; 3: Ekonominin Mekan\u0131, Mekan\u0131n Ekonomisi ve Verimlilik \u00dczerine Notlar<\/strong> \u201d ba\u015fl\u0131kl\u0131 konu\u015fmas\u0131 ile ekonomist <strong>Esen \u00c7a\u011flar <\/strong>olacak.<\/p>\n<h4>\u0130\u00e7erik<\/h4>\n<p>\u015eehir ve Ekonomi 3:<br \/>\nEkonominin Mekan\u0131, Mekan\u0131n Ekonomisi ve Verimlilik \u00dczerine Notlar<\/p>\n<p>Esen \u00c7a\u011flar&#8217;\u0131n AURA \u0130stanbul&#8217;da ger\u00e7ekle\u015ftirdi\u011fi \u015eehir ve Ekonomi konferans serisinin \u00f6nceki b\u00f6l\u00fcmlerine <a href=\"https:\/\/www.youtube.com\/channel\/UCpResB5jh5CUXt8Z4FRWGUQ\/videos\">buradan<\/a> ula\u015fabilirsiniz.<\/p>\n<h4>Esen \u00c7a\u011flar Hakk\u0131nda<\/h4>\n<p>Ankara\u2019da yerle\u015fik bir d\u00fc\u015f\u00fcnce ve dan\u0131\u015fmanl\u0131k kurulu\u015fu olan <a href=\"http:\/\/www.palglobal.org\/tr\/\">Politika Analiz Laboratuvar\u0131<\/a>\u2019n\u0131n Y\u00f6netici Orta\u011f\u0131 olan Esen \u00c7a\u011flar, ekonomik kalk\u0131nma sorunlar\u0131na y\u00f6nelik \u00e7ok disiplinli yakla\u015f\u0131mlar ile ilgilenmektedir.<br \/>\n<a href=\"https:\/\/www.ebrd.com\/home\">Avrupa \u0130mar ve Kalk\u0131nma Bankas\u0131<\/a> (EBRD), <a href=\"https:\/\/www.undp.org\/content\/undp\/en\/home.html\">Birle\u015fmi\u015f Milletler Kalk\u0131nma Program\u0131<\/a> (UNDP) ve <a href=\"http:\/\/www.oecd.org\/\">Ekonomik \u0130\u015fbirli\u011fi ve Kalk\u0131nma \u00d6rg\u00fct\u00fc<\/a> (OECD) gibi \u00e7ok tarafl\u0131 uluslararas\u0131 kurulu\u015flarla \u00e7al\u0131\u015fm\u0131\u015f ve T\u00fcrkiye, Umman, Kazakistan, Filistin, K\u0131br\u0131s ve Etiyopya dahil olmak \u00fczere \u00e7e\u015fitli h\u00fck\u00fcmetlere dan\u0131\u015fmanl\u0131k hizmetleri sunmu\u015ftur.<br \/>\nEsen \u00c7a\u011flar, 2005 y\u0131l\u0131ndan beri \u00fcyesi oldu\u011fu, <a href=\"https:\/\/www.tepav.org.tr\/\">T\u00fcrkiye Ekonomi Politikalar\u0131 Ara\u015ft\u0131rma Vakf\u0131<\/a>\u2019nda (TEPAV) 2012-2015 y\u0131llar\u0131 aras\u0131nda \u0130cra Direkt\u00f6r\u00fc Yard\u0131mc\u0131l\u0131\u011f\u0131n\u0131 \u00fcstlenmi\u015f; Sanayi Politikalar\u0131 ve Rekabet G\u00fcc\u00fc, Yerel ve B\u00f6lgesel Ekonomik Kalk\u0131nma ve \u00d6zel Ekonomik B\u00f6lgeler konular\u0131nda ara\u015ft\u0131rma programlar\u0131n\u0131n y\u00fcr\u00fct\u00fcc\u00fcl\u00fc\u011f\u00fcn\u00fc yapm\u0131\u015ft\u0131r.<br \/>\n2006&#8217;dan bu yana <a href=\"http:\/\/econ.bilkent.edu.tr\/?lang=tr\">Bilkent \u00dcniversitesi \u0130ktisat B\u00f6l\u00fcm\u00fc<\/a>nde ders veren Esen \u00c7a\u011flar, <a href=\"https:\/\/www.hks.harvard.edu\/\">Harvard \u00dcniversitesi Kennedy School of Government<\/a>\u2019tan Uluslararas\u0131 Kalk\u0131nma ve Kamu Y\u00f6netimi Y\u00fcksek Lisans\u0131, <a href=\"https:\/\/www.princeton.edu\/\">Princeton \u00dcniversitesi<\/a>\u2019nden de Politika ve Politik Ekonomi dal\u0131nda lisans dereceleri sahibidir.<\/p>\n<h4 data-block=\"true\" data-editor=\"6kgnb\" data-offset-key=\"96nhf-0-0\">CUMARTES\u0130 AURASI<\/h4>\n<div class=\"\" data-block=\"true\" data-editor=\"6kgnb\" data-offset-key=\"96nhf-0-0\">\n<p data-block=\"true\" data-editor=\"7r2h9\" data-offset-key=\"d5spd-0-0\"><a href=\"https:\/\/www.facebook.com\/auraistanbulakademi\/\" target=\"_blank\" rel=\"noopener\">Aura \u0130stanbul<\/a>\u00a0Mimarl\u0131k ve \u015eehircilik Ara\u015ft\u0131rmalar\u0131 Akademisi\u2019nin\u00a0<a href=\"https:\/\/aura-istanbul.com\/index.php\/basvuru\/\">sertifika program\u0131<\/a>\u00a0dahilinde, iki haftada bir d\u00fczenlenen disiplinler aras\u0131\u00a0<a href=\"https:\/\/aura-istanbul.com\/index.php\/cumartesiaurasi\/\">konferans dizisidir<\/a>. Mimarl\u0131k, \u015fehircilik, sanat, teknoloji, felsefe dallar\u0131nda tart\u0131\u015fma, bulu\u015fma ve fark\u0131ndal\u0131k ortam\u0131 olu\u015fturmay\u0131 hedefler.<\/p>\n<p data-block=\"true\" data-editor=\"7r2h9\" data-offset-key=\"d5spd-0-0\">Kat\u0131l\u0131m \u00fccretsiz, kontenjan s\u0131n\u0131rl\u0131d\u0131r. Kay\u0131t yapt\u0131rmak i\u00e7in\u00a0<a href=\"https:\/\/www.eventbrite.com\/e\/cumartesi-auras-esen-caglar-sehir-ve-ekonomi-3-tickets-58059527610\">t\u0131klay\u0131n\u0131z.<\/a><\/p>\n<p><a href=\"http:\/\/stoneline.com.tr\/tr\/anasayfa\/\"><img loading=\"lazy\" decoding=\"async\" class=\"alignnone size-full wp-image-4439\" src=\"https:\/\/aura-istanbul.com\/wp-content\/uploads\/2018\/12\/stoneline.jpg\" alt=\"\" width=\"275\" height=\"134\" \/><\/a><\/p>\n<\/div>\n<p data-block=\"true\" data-editor=\"7r2h9\" data-offset-key=\"d5spd-0-0\">\n","protected":false},"excerpt":{"rendered":"<p>Cumartesi Auras\u0131: Esen \u00c7a\u011flar \u201c\u015eehir ve Ekonomi &#8211; 3\u201d 9 Mart 2019 \/ Cumartesi \/ 15:00 \/\u00a0Aura \u0130stanbul Etkinlik Sponsoru: Stoneline Kay\u0131t i\u00e7in t\u0131klay\u0131n\u0131z. Aura \u0130stanbul Mimarl\u0131k ve \u015eehircilik Ara\u015ft\u0131rmalar\u0131 [&hellip;]<\/p>\n","protected":false},"author":5,"featured_media":4908,"comment_status":"closed","ping_status":"closed","sticky":false,"template":"","format":"standard","meta":{"_acf_changed":false,"_seopress_robots_primary_cat":"","_seopress_titles_title":"Cumartesi Auras\u0131: Esen \u00c7a\u011flar &quot;\u015eehir ve Ekonomi-3&quot; | %%sitetitle%%","_seopress_titles_desc":"Bahar'19 d\u00f6neminin ilk Cumartesi Auras\u0131 konu\u011fu \u201c\u015eehir ve Ekonomi-3: Ekonominin Mekan\u0131, Mekan\u0131n Ekonomisi ve Verimlilik \u00dczerine Notlar \u201d ba\u015fl\u0131kl\u0131 konu\u015fmas\u0131 ile ekonomist Esen \u00c7a\u011flar olacak.","_seopress_robots_index":"","_price":"","_stock":"","_tribe_ticket_header":"","_tribe_default_ticket_provider":"","_tribe_ticket_capacity":"0","_ticket_start_date":"","_ticket_end_date":"","_tribe_ticket_show_description":"","_tribe_ticket_show_not_going":false,"_tribe_ticket_use_global_stock":"","_tribe_ticket_global_stock_level":"","_global_stock_mode":"","_global_stock_cap":"","_tribe_rsvp_for_event":"","_tribe_ticket_going_count":"","_tribe_ticket_not_going_count":"","_tribe_tickets_list":"[]","_tribe_ticket_has_attendee_info_fields":false,"_EventAllDay":false,"_EventTimezone":"","_EventStartDate":"","_EventEndDate":"","_EventStartDateUTC":"","_EventEndDateUTC":"","_EventShowMap":false,"_EventShowMapLink":false,"_EventURL":"","_EventCost":"","_EventCostDescription":"","_EventCurrencySymbol":"","_EventCurrencyCode":"","_EventCurrencyPosition":"","_EventDateTimeSeparator":"","_EventTimeRangeSeparator":"","_EventOrganizerID":[],"_EventVenueID":[],"_OrganizerEmail":"","_OrganizerPhone":"","_OrganizerWebsite":"","_VenueAddress":"","_VenueCity":"","_VenueCountry":"","_VenueProvince":"","_VenueState":"","_VenueZip":"","_VenuePhone":"","_VenueURL":"","_VenueStateProvince":"","_VenueLat":"","_VenueLng":"","_VenueShowMap":false,"_VenueShowMapLink":false,"footnotes":""},"categories":[55,1],"tags":[77,152,156,246],"class_list":["post-4904","post","type-post","status-publish","format-standard","has-post-thumbnail","hentry","category-cumartesi-aurasi","category-genel","tag-cumartesi-aurasi","tag-esen-caglar","tag-kent-ekonomisi","tag-sehir-ve-ekonomi"],"acf":[],"_links":{"self":[{"href":"https:\/\/aura-istanbul.com\/index.php\/wp-json\/wp\/v2\/posts\/4904","targetHints":{"allow":["GET"]}}],"collection":[{"href":"https:\/\/aura-istanbul.com\/index.php\/wp-json\/wp\/v2\/posts"}],"about":[{"href":"https:\/\/aura-istanbul.com\/index.php\/wp-json\/wp\/v2\/types\/post"}],"author":[{"embeddable":true,"href":"https:\/\/aura-istanbul.com\/index.php\/wp-json\/wp\/v2\/users\/5"}],"replies":[{"embeddable":true,"href":"https:\/\/aura-istanbul.com\/index.php\/wp-json\/wp\/v2\/comments?post=4904"}],"version-history":[{"count":11,"href":"https:\/\/aura-istanbul.com\/index.php\/wp-json\/wp\/v2\/posts\/4904\/revisions"}],"predecessor-version":[{"id":4922,"href":"https:\/\/aura-istanbul.com\/index.php\/wp-json\/wp\/v2\/posts\/4904\/revisions\/4922"}],"wp:featuredmedia":[{"embeddable":true,"href":"https:\/\/aura-istanbul.com\/index.php\/wp-json\/wp\/v2\/media\/4908"}],"wp:attachment":[{"href":"https:\/\/aura-istanbul.com\/index.php\/wp-json\/wp\/v2\/media?parent=4904"}],"wp:term":[{"taxonomy":"category","embeddable":true,"href":"https:\/\/aura-istanbul.com\/index.php\/wp-json\/wp\/v2\/categories?post=4904"},{"taxonomy":"post_tag","embeddable":true,"href":"https:\/\/aura-istanbul.com\/index.php\/wp-json\/wp\/v2\/tags?post=4904"}],"curies":[{"name":"wp","href":"https:\/\/api.w.org\/{rel}","templated":true}]}}