{"id":5783,"date":"2019-07-31T12:31:09","date_gmt":"2019-07-31T09:31:09","guid":{"rendered":"https:\/\/aura-istanbul.com\/?p=5783"},"modified":"2020-08-21T22:06:00","modified_gmt":"2020-08-21T19:06:00","slug":"aura-istanbul-2019-guz-donemi-studyo-yurutuculeri-aciklandi","status":"publish","type":"post","link":"https:\/\/aura-istanbul.com\/index.php\/2019\/07\/31\/aura-istanbul-2019-guz-donemi-studyo-yurutuculeri-aciklandi\/","title":{"rendered":"AURA-\u0130stanbul, 2019 G\u00fcz D\u00f6nemi St\u00fcdyo Y\u00fcr\u00fct\u00fcc\u00fcleri A\u00e7\u0131kland\u0131!"},"content":{"rendered":"<p><em>AURA-\u0130stanbul Mimarl\u0131k ve \u015eehircilik Ara\u015ft\u0131rmalar\u0131 Akademisi, 2019 G\u00fcz D\u00f6nemi \u201cAra\u015ft\u0131rma Tabanl\u0131 Tasar\u0131m St\u00fcdyosu\u201d y\u00fcr\u00fct\u00fcc\u00fcl\u00fc\u011f\u00fcn\u00fc,\u00a0\u00a0<strong>Bo\u011fa\u00e7han D\u00fcndaralp<\/strong> ve <strong>Hakan T\u00fcz\u00fcn \u015eeng\u00fcn<\/strong> \u00fcstleniyor.\u00a023 Eyl\u00fcl tarihinde ba\u015flayacak ve 17 hafta boyunca devam edecek olan programa son ba\u015fvuru tarihi ise 5 Eyl\u00fcl 2019.<\/em><\/p>\n<p>AURA-\u0130stanbul G\u00fcz D\u00f6nemi Sertifika Program\u0131, mimari ve kentsel tasar\u0131m s\u00fcrecini hem teorik, hem de pratik d\u00fczeyde ele almak, disiplinler aras\u0131 bak\u0131\u015f a\u00e7\u0131s\u0131 geli\u015ftirmek ve kendi \u00f6zel ilgi alanlar\u0131 \u00fczerinde \u00e7al\u0131\u015fma olana\u011f\u0131 bulmak isteyen gen\u00e7 meslek insanlar\u0131na kap\u0131lar\u0131n\u0131 a\u00e7\u0131yor. Ba\u015fta mimarl\u0131k, \u015fehir planlamas\u0131, i\u00e7 mimarl\u0131k, peyzaj mimarl\u0131\u011f\u0131 ve plastik sanatlar b\u00f6l\u00fcmleri olmak \u00fczere ilgili disiplinlerin lisans derecesine sahip olmak ise ba\u015fvuru i\u00e7in \u00f6n ko\u015ful olu\u015fturuyor.<\/p>\n<p>AURA-\u0130stanbul, Sertifika Program\u0131 ile kat\u0131l\u0131mc\u0131lar\u0131na,<br \/>\n\u2022 Akademik \/ profesyonel hayata ge\u00e7i\u015fte donan\u0131mlar\u0131n\u0131 zenginle\u015ftirme,<br \/>\n\u2022 Mimarl\u0131k ve \u015fehircili\u011fin d\u00fc\u015f\u00fcnsel boyutuna yeni pencereler a\u00e7ma,<br \/>\n\u2022 G\u00fcncel kentsel meseleleri disiplinler aras\u0131 bak\u0131\u015f a\u00e7\u0131\u015f\u0131 ile ele alma,<br \/>\n\u2022 Kendi se\u00e7ti\u011fi bir konuda nitelikli yol g\u00f6stericiler ile ara\u015ft\u0131rma yapma olana\u011f\u0131 sunuyor.<\/p>\n<h2>Program \u0130\u00e7eri\u011fi:<\/h2>\n<p>St\u00fcdyo y\u00fcr\u00fct\u00fcc\u00fcleri Bo\u011fa\u00e7han D\u00fcndaralp ve Hakan T\u00fcz\u00fcn \u015eeng\u00fcn, d\u00f6nemin ana temas\u0131n\u0131 <strong>&#8220;TECHNE&#8221;<\/strong> olarak tarifliyor:<\/p>\n<blockquote><p>TECHNE<\/p>\n<p><em>&#8220;Yap\u0131, mek\u00e2n ve hayat i\u00e7in bedenle\u015firken tektonik, bu olu\u015fun \u00f6z\u00fcn\u00fc ifade eder. Bu fiziksellik ve madde d\u00fcnyas\u0131n\u0131 var eden insan ba\u011flam, i\u00e7erik, madde ve uzam ile bunu bi\u00e7imlendirir, \u00f6l\u00e7\u00fclebilir k\u0131lar, zamansall\u0131k ve konum kazand\u0131r\u0131r. Mimarl\u0131k alan\u0131nda tektonik, mimari bir dil ve gramerin kurulu\u015fu ba\u011flam\u0131nda ele al\u0131nabilece\u011fi gibi neden\/sonu\u00e7 ili\u015fkilerinin \u00f6tesinde, yap\u0131n\u0131n poetikas\u0131na dair bir i\u00e7eri\u011fin kurucu \u00f6gesi de olabilir. Bu \u00e7er\u00e7evede d\u00f6nemin temas\u0131n\u0131 mimari yap\u0131n\u0131n tektonik gramerine dair ara\u015ft\u0131rmac\u0131 \/ deneysel s\u00fcre\u00e7ler \u00fczerine kurmak ve mimarl\u0131k edimini bu poetik varolu\u015fu i\u00e7inde ele alarak mimari yap\u0131n\u0131n bi\u00e7imleni\u015fine dair ara\u00e7lar ve kaynaklar ekseninde ele almak istiyoruz.&#8221;<\/em><\/p><\/blockquote>\n<p>Grup \u00e7al\u0131\u015fmalar\u0131na paralel olarak, kat\u0131l\u0131mc\u0131lar kendi ilgi alan\u0131 ve deneyimleri do\u011frultusunda \u0130stanbul\u2019a ili\u015fkin proje ve ara\u015ft\u0131rma konusunu netle\u015ftirip, st\u00fcdyo y\u00fcr\u00fct\u00fcc\u00fclerinin dan\u0131\u015fmanl\u0131\u011f\u0131nda, \u00e7al\u0131\u015fmalar\u0131n\u0131 geli\u015ftirme f\u0131rsat\u0131 bulacaklar. D\u00f6nem sonunda, t\u00fcm \u00e7al\u0131\u015fmalar\u0131n izlenebilece\u011fi bir sergi kurulacak. Sergi s\u00fcrecinde ise kat\u0131l\u0131mc\u0131lar tekrar sergi tasar\u0131m\u0131 ve organizasyonu i\u00e7in grup halinde \u00e7al\u0131\u015facak.<\/p>\n<p>Haz\u0131rlanan i\u00e7erik, AURA-\u0130stanbul b\u00fcnyesinde yap\u0131lan \u00e7al\u0131\u015fmalar\u0131 destekleyecek tarihsel-kuramsal, ayr\u0131ca teknik y\u00f6nteme ili\u015fkin\u00a0<a href=\"https:\/\/www.youtube.com\/channel\/UCpResB5jh5CUXt8Z4FRWGUQ\">seminer dizilerine<\/a>, disiplinler aras\u0131 nitelikte tart\u0131\u015fma ve bulu\u015fma ortam\u0131 sa\u011flayan\u00a0<a href=\"https:\/\/aura-istanbul.com\/index.php\/cumartesiaurasi\/\">Cumartesi Auras\u0131<\/a>\u00a0Konferanslar\u0131na, kolektif d\u00fc\u015f\u00fcnme ve \u00fcretime y\u00f6nelik\u00a0<a href=\"https:\/\/aura-istanbul.com\/index.php\/aura-crea\/\">at\u00f6lyelere<\/a>, belirtilen konular\u0131 destekleyici\u00a0<a href=\"https:\/\/aura-istanbul.com\/index.php\/category\/sertifika-programi\/\">gezilere<\/a>\u00a0kat\u0131lma olana\u011f\u0131 sunuyor.<\/p>\n<p>Kat\u0131l\u0131mc\u0131lardan program\u0131n dinamik yap\u0131s\u0131na uyum sa\u011flamalar\u0131 ve t\u00fcm d\u00f6nemde tam zamanl\u0131 yer almalar\u0131 bekleniyor. Ba\u015fvurular aras\u0131ndan se\u00e7ilecek t\u00fcm kat\u0131l\u0131mc\u0131lar \u00fccretsiz olarak programda yer alma hakk\u0131 kazanacak.<\/p>\n<h2>St\u00fcdyo Y\u00fcr\u00fct\u00fcc\u00fcleri:<\/h2>\n<p>Program\u0131n omurgas\u0131n\u0131 olu\u015fturan <a href=\"https:\/\/aura-istanbul.com\/index.php\/tasarim-studyosu\/\">Ara\u015ft\u0131rma Tabanl\u0131 Tasar\u0131m St\u00fcdyosu<\/a>, geleneksel mimari st\u00fcdyo pratiklerinin s\u0131n\u0131rlar\u0131n\u0131 a\u015farak, g\u00fcncel kentsel meselelere disiplinler aras\u0131 bak\u0131\u015f a\u00e7\u0131s\u0131 ile yakla\u015f\u0131yor.<\/p>\n<p>2019 G\u00fcz D\u00f6nemi \u201cAra\u015ft\u0131rma Tabanl\u0131 Tasar\u0131m St\u00fcdyosu\u201d y\u00fcr\u00fct\u00fcc\u00fcl\u00fc\u011f\u00fcn\u00fc,\u00a0\u00a0<strong>Bo\u011fa\u00e7han D\u00fcndaralp<\/strong> ve <strong>Hakan T\u00fcz\u00fcn \u015eeng\u00fcn<\/strong> \u00fcstleniyor.<\/p>\n<h3><img loading=\"lazy\" decoding=\"async\" class=\"alignnone wp-image-5788\" src=\"https:\/\/aura-istanbul.com\/wp-content\/uploads\/2019\/07\/bogachan.jpg\" alt=\"\" width=\"400\" height=\"451\" \/><br \/>\nBo\u011fa\u00e7han D\u00fcndaralp<\/h3>\n<p>D\u00fcnyal\u0131, evli, 2 \u00e7ocuklu, yazan, \u00e7izen, d\u00fc\u015f\u00fcnen bir Mimar, Tasar\u0131mc\u0131, E\u011fitimci.<\/p>\n<p><a href=\"http:\/\/www.archiprix-tr.org\/\">Archiprix<\/a> (1997), <a href=\"https:\/\/bogachandundaralp.wordpress.com\/2011\/07\/20\/2004-amv-genc-mimar-odulu\/\">Arkitera Gen\u00e7 Mimar \u00d6d\u00fcl\u00fc<\/a> (2004), iki Ulusal Mimarl\u0131k \u00d6d\u00fcl\u00fc (1998, 2006) ve YEM (Yap\u0131 End\u00fcstri Merkezi) \u00d6d\u00fcl\u00fc (2008) gibi \u00f6d\u00fcller ba\u015fta olmak \u00fczere ulusal pek \u00e7ok \u00f6d\u00fcl kazand\u0131.\u00a0 Projeleri ve \u00e7al\u0131\u015fmalar\u0131 <a href=\"https:\/\/bogachandundaralp.wordpress.com\/?s=Mies+Van+der+Rohe+\">Mies Van der Rohe \u00d6d\u00fclleri<\/a>, <a href=\"https:\/\/bogachandundaralp.wordpress.com\/2019\/04\/26\/2019-04-lyfa-luleburgaz-stars-football-academy-aga-khan-awards-for-architecture\/\">Aga Khan \u00d6d\u00fclleri<\/a>, <a href=\"https:\/\/bogachandundaralp.wordpress.com\/?s=Iakov+Chernikov+\">Iakov Chernikov \u00d6d\u00fclleri<\/a> gibi uluslararas\u0131 \u00f6d\u00fcllere nomine edildi. Eserlerinin bir k\u0131sm\u0131 \u201c<a href=\"https:\/\/bogachandundaralp.wordpress.com\/?s=Young+lines\">Gen\u00e7 \u00c7izgiler \/ Young lines<\/a>\u201d adl\u0131 bir kitapta yay\u0131nland\u0131 (2004). 2009 y\u0131l\u0131nda The Architecture Foundation \/ London taraf\u0131ndan \u201c<a href=\"https:\/\/bogachandundaralp.wordpress.com\/?s=%C4%B0stanbul+Para-doxa\">\u0130stanbul Para-doxa<\/a>\u201d adl\u0131 bir kitapla sonu\u00e7lanan Londra-\u0130stanbul Uluslararas\u0131 De\u011fi\u015fim Program\u0131 i\u00e7in \u0130stanbul \u015fehrini temsil edecek \u00fc\u00e7 mimardan biri olarak se\u00e7ildi. 1. \u0130stanbul Tasar\u0131m Bienali&#8217;nin (2012) bir par\u00e7as\u0131 olarak, Joseph Grima&#8217;n\u0131n k\u00fcrat\u00f6rl\u00fc\u011f\u00fcn\u00fc yapt\u0131\u011f\u0131 <a href=\"https:\/\/bogachandundaralp.wordpress.com\/yonafriedman_hcp_adhocracy\/\">&#8220;Adhocracy&#8221;<\/a> sergisine davet edildi ve Yona Friedman&#8217;\u0131n &#8220;Hali\u00e7 Merkezi&#8221; projesiyle ilgili &#8220;M\u00fcdahale&#8221; de yer ald\u0131. Ulusal Mimarl\u0131k Sergileri ve Ulusal yar\u0131\u015fmalarda j\u00fcri \u00fcyelikleri de bulanan D\u00fcndaralp, 2005&#8217;ten beri <strong><a href=\"http:\/\/www.ddrlp.com\/\">ddrlp<\/a> <\/strong>adl\u0131 mimarl\u0131k ofisini y\u00f6netmekte ve farkl\u0131 \u00fcniversitelerde yar\u0131 zamanl\u0131 \u00f6\u011fretim g\u00f6revlili\u011fi yapmaktad\u0131r. Mimari bilgi alan\u0131ndaki \u00e7ok pozisyonlu duru\u015fuyla, \u015fehir, metropol ve farkl\u0131 mimari \u00f6l\u00e7eklerle ilgili \u00e7ok katmanl\u0131 mimari problemler i\u00e7in \u00e7\u00f6z\u00fcm stratejileri ara\u015ft\u0131rmakta ve geli\u015ftirmekte olan ofis son 10 y\u0131lda a\u011f\u0131rl\u0131kl\u0131 olarak \u00e7ocuk ve e\u011fitim mekanlar\u0131 konusuna odaklanm\u0131\u015ft\u0131r.<\/p>\n<h3><img loading=\"lazy\" decoding=\"async\" class=\"alignnone wp-image-5792\" src=\"https:\/\/aura-istanbul.com\/wp-content\/uploads\/2019\/07\/hakan-t\u00fcz\u00fcn-\u015feng\u00fcn.jpg\" alt=\"\" width=\"394\" height=\"319\" \/><br \/>\nHakan T\u00fcz\u00fcn \u015eeng\u00fcn<\/h3>\n<p>Y.Mimar (Dr.)<\/p>\n<p>1994 y\u0131l\u0131nda \u0130stanbul Teknik \u00dcniversitesi Mimarl\u0131k Fak\u00fcltesi\u2019nden mezun oldu. Mezuniyetinin ard\u0131ndan, 1999 y\u0131l\u0131nda Prof. Dr. Afife Batur dan\u0131\u015fmanl\u0131\u011f\u0131nda Mimarl\u0131k Tarihi Ana Bilim Dal\u0131nda y\u00fcksek lisans tezini tamamlad\u0131. Han T\u00fcmertekin ile \u00e7al\u0131\u015ft\u0131\u011f\u0131 d\u00f6nemde <a href=\"http:\/\/www.mimarlar.com\/FA4A353F885D4C429AF9A3FFE7CBAE6A\/b2_evi\/pname\">B2 Evi (Aga Khan \u00d6d\u00fcl\u00fc 2004)<\/a>, <a href=\"http:\/\/www.mimarlar.com\/597FEBC8D4B8443698CAB2AC0D52A321\/atk_lojmanlari\/pname\">ATK Lojmanlar\u0131<\/a>, <a href=\"http:\/\/www.mimarlar.com\/738CEB0B66154A38A9DFEDEE23CDD6E9\/catalhoyuk_muze_ve_ziyaretci_merkezi\/pname\">\u00c7atalh\u00f6y\u00fck M\u00fcze ve Ziyaret\u00e7i Merkezi<\/a> gibi projelerin tasar\u0131m ekiplerinde yer ald\u0131. 1997 y\u0131l\u0131nda \u0130T\u00dc Mimarl\u0131k Fak\u00fcltesi Mimarl\u0131k B\u00f6l\u00fcm\u00fc&#8217;nde g\u00f6reve ba\u015flad\u0131. 2004 y\u0131l\u0131nda Arkitera Mimarl\u0131k Festivali &#8220;A\u00e7\u0131k Charrette&#8221; birincilik \u00f6d\u00fcl\u00fc kapsam\u0131nda New York\u2019ta ger\u00e7ekle\u015fen &#8220;Global Architect and Media Event&#8221; organizasyonuna kat\u0131ld\u0131. DOMUS dergisinin Ryugyong Oteli\u2019nin fonksiyonel olarak yeniden tan\u0131mlanmas\u0131 i\u00e7in ger\u00e7ekle\u015ftirdi\u011fi fikir yar\u0131\u015fmas\u0131nda <a href=\"http:\/\/www.hakantuzunsengun.com\/\">ZEPPELINIZED<\/a> \u00f6nerisi 893 say\u0131l\u0131 DOMUS kapa\u011f\u0131 olarak bas\u0131ld\u0131 (2006). Ayn\u0131 y\u0131l <a href=\"https:\/\/bogachandundaralp.wordpress.com\/2011\/07\/22\/200609-ev-bir-yerlesme-muzakeresi-sergi-etkinlik\/\">\u201cEV: Bir Yerle\u015fme M\u00fczakeresi\u201d<\/a> mimarl\u0131k sergisinde kat\u0131l\u0131mc\u0131 ve tasar\u0131mc\u0131 olarak \u00e7al\u0131\u015ft\u0131. Hou Hanru&#8217;nun k\u00fcrat\u00f6rl\u00fc\u011f\u00fcn\u00fc yapt\u0131\u011f\u0131 10. \u0130stanbul Bienali kapsam\u0131nda <a href=\"http:\/\/studyokahem.blogspot.com\/\">INNOCENTACT<\/a> grubu ile Kad\u0131k\u00f6y Halk E\u011fitim Merkezi\u2019nde at\u00f6lyeler, tart\u0131\u015fma serileri ve bir de gazete yay\u0131n\u0131 ger\u00e7ekle\u015ftirdi (2007). 2010 y\u0131l\u0131nda kamusal mek\u00e2nda k\u00fc\u00e7\u00fck \u00f6l\u00e7ekli m\u00fcdahaleler \u00fczerine pek \u00e7ok at\u00f6lye ger\u00e7ekle\u015ftirdi\u011fi ve XII. Ulusal Mimarl\u0131k \u00d6d\u00fclleri Mimarl\u0131\u011fa Katk\u0131 Dal\u0131 \u00d6d\u00fcl\u00fcn\u00fc alan \u0130MKANMEK\u00c2N grubu ile ayn\u0131 y\u0131l <a href=\"http:\/\/www.mimarlikdergisi.com\/index.cfm?sayfa=mimarlik&amp;DergiSayi=373&amp;RecID=2662\">\u201c\u0130mkanmekan: Kamusal Mek\u00e2nda K\u00fc\u00e7\u00fck \u00d6l\u00e7ekli M\u00fcdahaleler\u201d<\/a> kitab\u0131n\u0131 yay\u0131mlad\u0131.<\/p>\n<p>Doktora \u00e7al\u0131\u015fmas\u0131 \u00e7er\u00e7evesinde davetli ara\u015ft\u0131rmac\u0131 olarak bulundu\u011fu <a href=\"http:\/\/www.lyon.archi.fr\/\">\u00c9cole Nationale Sup\u00e9rieure d&#8217;Architecture de Lyon\u2019<\/a>da e\u015fikler ve ge\u00e7i\u015f mek\u00e2nlar\u0131 \u00fczerine \u00e7al\u0131\u015ft\u0131 (2013). BETONART dergisinin <a href=\"https:\/\/betonart.com.tr\/dergi\/48\">TEKTON\u0130K<\/a> temal\u0131 48. say\u0131s\u0131 konuk edit\u00f6r\u00fc olarak \u00e7al\u0131\u015ft\u0131 (2016). Pek \u00e7ok ulusal ve uluslararas\u0131 yar\u0131\u015fmada \u00f6d\u00fcller kazand\u0131. 2017 y\u0131l\u0131nda mimarl\u0131k ve peyzaj aray\u00fcz\u00fc \u00fczerine proje, yay\u0131n ve ara\u015ft\u0131rma yapan <a href=\"http:\/\/p-a-r-c-h.co\/\">PARCH<\/a>&#8216;\u0131 kurdu. 2018 y\u0131l\u0131nda \u0130stanbul Teknik \u00dcniversitesi Mimarl\u0131k Fak\u00fcltesi Mimari Tasar\u0131m program\u0131nda &#8220;SOKAK PAZARININ POET\u0130KASI: Ge\u00e7ici Yap\u0131n\u0131n Zamansall\u0131\u011f\u0131 \u00dczerine Fenomenolojik Bir \u0130nceleme&#8221; adl\u0131 \u00e7al\u0131\u015fmas\u0131 ile doktoras\u0131n\u0131 tamamlad\u0131. Halen \u0130stanbul Teknik \u00dcniversitesi Mimarl\u0131k Fak\u00fcltesinde st\u00fcdyo y\u00fcr\u00fct\u00fcc\u00fcs\u00fc olarak \u00e7al\u0131\u015fmaktad\u0131r.<\/p>\n<p>&nbsp;<\/p>\n<p>Ba\u015fvuru hakk\u0131nda detayl\u0131 bilgiye\u00a0<a href=\"https:\/\/aura-istanbul.com\/index.php\/basvuru\/\">buradan<\/a> ula\u015fabilirsiniz.<\/p>\n<p>&nbsp;<\/p>\n","protected":false},"excerpt":{"rendered":"<p>AURA-\u0130stanbul Mimarl\u0131k ve \u015eehircilik Ara\u015ft\u0131rmalar\u0131 Akademisi, 2019 G\u00fcz D\u00f6nemi \u201cAra\u015ft\u0131rma Tabanl\u0131 Tasar\u0131m St\u00fcdyosu\u201d y\u00fcr\u00fct\u00fcc\u00fcl\u00fc\u011f\u00fcn\u00fc,\u00a0\u00a0Bo\u011fa\u00e7han D\u00fcndaralp ve Hakan T\u00fcz\u00fcn \u015eeng\u00fcn \u00fcstleniyor.\u00a023 Eyl\u00fcl tarihinde ba\u015flayacak ve 17 hafta boyunca devam edecek olan [&hellip;]<\/p>\n","protected":false},"author":2,"featured_media":5793,"comment_status":"closed","ping_status":"closed","sticky":false,"template":"","format":"standard","meta":{"_acf_changed":false,"_seopress_robots_primary_cat":"","_seopress_titles_title":"AURA-\u0130stanbul, 2019 G\u00fcz D\u00f6nemi St\u00fcdyo Y\u00fcr\u00fct\u00fcc\u00fcleri A\u00e7\u0131kland\u0131! | %%sitetitle%%","_seopress_titles_desc":"Aura \u0130stanbul'un, geleneksel mimari st\u00fcdyo pratiklerinin s\u0131n\u0131rlar\u0131n\u0131 a\u015farak, g\u00fcncel kentsel meselelere disiplinler aras\u0131 bak\u0131\u015f a\u00e7\u0131s\u0131 ile yakla\u015fan \u201cAra\u015ft\u0131rma Tabanl\u0131 Tasar\u0131m St\u00fcdyosu\u201dnun 2019 G\u00fcz D\u00f6nemi y\u00fcr\u00fct\u00fcc\u00fcl\u00fc\u011f\u00fcn\u00fc, Bo\u011fa\u00e7han D\u00fcndaralp ve Hakan T\u00fcz\u00fcn \u015eeng\u00fcn \u00fcstleniyor.","_seopress_robots_index":"","_price":"","_stock":"","_tribe_ticket_header":"","_tribe_default_ticket_provider":"","_tribe_ticket_capacity":"0","_ticket_start_date":"","_ticket_end_date":"","_tribe_ticket_show_description":"","_tribe_ticket_show_not_going":false,"_tribe_ticket_use_global_stock":"","_tribe_ticket_global_stock_level":"","_global_stock_mode":"","_global_stock_cap":"","_tribe_rsvp_for_event":"","_tribe_ticket_going_count":"","_tribe_ticket_not_going_count":"","_tribe_tickets_list":"[]","_tribe_ticket_has_attendee_info_fields":false,"_EventAllDay":false,"_EventTimezone":"","_EventStartDate":"","_EventEndDate":"","_EventStartDateUTC":"","_EventEndDateUTC":"","_EventShowMap":false,"_EventShowMapLink":false,"_EventURL":"","_EventCost":"","_EventCostDescription":"","_EventCurrencySymbol":"","_EventCurrencyCode":"","_EventCurrencyPosition":"","_EventDateTimeSeparator":"","_EventTimeRangeSeparator":"","_EventOrganizerID":[],"_EventVenueID":[],"_OrganizerEmail":"","_OrganizerPhone":"","_OrganizerWebsite":"","_VenueAddress":"","_VenueCity":"","_VenueCountry":"","_VenueProvince":"","_VenueState":"","_VenueZip":"","_VenuePhone":"","_VenueURL":"","_VenueStateProvince":"","_VenueLat":"","_VenueLng":"","_VenueShowMap":false,"_VenueShowMapLink":false,"footnotes":""},"categories":[1,128],"tags":[308,130,314,315,72],"class_list":["post-5783","post","type-post","status-publish","format-standard","has-post-thumbnail","hentry","category-genel","category-sertifika-programi","tag-2019-guz-donemi","tag-arastirma-tabanli-tasarim-studyosu","tag-bogachan-dundaralp","tag-hakan-tuzun-sengun","tag-sertifika-programi"],"acf":[],"_links":{"self":[{"href":"https:\/\/aura-istanbul.com\/index.php\/wp-json\/wp\/v2\/posts\/5783","targetHints":{"allow":["GET"]}}],"collection":[{"href":"https:\/\/aura-istanbul.com\/index.php\/wp-json\/wp\/v2\/posts"}],"about":[{"href":"https:\/\/aura-istanbul.com\/index.php\/wp-json\/wp\/v2\/types\/post"}],"author":[{"embeddable":true,"href":"https:\/\/aura-istanbul.com\/index.php\/wp-json\/wp\/v2\/users\/2"}],"replies":[{"embeddable":true,"href":"https:\/\/aura-istanbul.com\/index.php\/wp-json\/wp\/v2\/comments?post=5783"}],"version-history":[{"count":15,"href":"https:\/\/aura-istanbul.com\/index.php\/wp-json\/wp\/v2\/posts\/5783\/revisions"}],"predecessor-version":[{"id":5885,"href":"https:\/\/aura-istanbul.com\/index.php\/wp-json\/wp\/v2\/posts\/5783\/revisions\/5885"}],"wp:featuredmedia":[{"embeddable":true,"href":"https:\/\/aura-istanbul.com\/index.php\/wp-json\/wp\/v2\/media\/5793"}],"wp:attachment":[{"href":"https:\/\/aura-istanbul.com\/index.php\/wp-json\/wp\/v2\/media?parent=5783"}],"wp:term":[{"taxonomy":"category","embeddable":true,"href":"https:\/\/aura-istanbul.com\/index.php\/wp-json\/wp\/v2\/categories?post=5783"},{"taxonomy":"post_tag","embeddable":true,"href":"https:\/\/aura-istanbul.com\/index.php\/wp-json\/wp\/v2\/tags?post=5783"}],"curies":[{"name":"wp","href":"https:\/\/api.w.org\/{rel}","templated":true}]}}