{"id":6027,"date":"2019-11-23T18:06:58","date_gmt":"2019-11-23T15:06:58","guid":{"rendered":"https:\/\/aura-istanbul.com\/?p=6027"},"modified":"2020-08-21T22:05:41","modified_gmt":"2020-08-21T19:05:41","slug":"cumartesi-aurasi-ozlem-yalim-tasarimda-ve-tasarimcida-cok-katmanlilik","status":"publish","type":"post","link":"https:\/\/aura-istanbul.com\/index.php\/2019\/11\/23\/cumartesi-aurasi-ozlem-yalim-tasarimda-ve-tasarimcida-cok-katmanlilik\/","title":{"rendered":"Cumartesi Auras\u0131: \u00d6zlem Yal\u0131m &#8220;Tasar\u0131mda ve Tasar\u0131mc\u0131da \u00c7ok Katmanl\u0131l\u0131k&#8221;"},"content":{"rendered":"<div class=\"structured-content-rich-text structured-content__module l-align-left l-mar-vert-6 l-sm-mar-vert-4 text-body-medium\">\n<p><em>Tarih: 30 Kas\u0131m 2019 \/ Cumartesi \/ 15:00<br \/>\n<\/em><em>Yer: <a href=\"https:\/\/g.page\/AuraIstanbul?share\">AURA \u0130stanbul<\/a><\/em><em><br \/>\n<\/em><em>Kay\u0131t i\u00e7in\u00a0<a href=\"https:\/\/cumartesiaurasi-ozlemyalim.eventbrite.com\">t\u0131klay\u0131n<\/a>.<\/em><\/p>\n<p><a href=\"https:\/\/aura-istanbul.com\/\" target=\"_blank\" rel=\"nofollow noopener noreferrer\">AURA \u0130stanbul\u00a0<\/a>Mimarl\u0131k ve \u015eehircilik Ara\u015ft\u0131rmalar\u0131 Akademisi\u2019nin Sertifika Program\u0131 dahilinde, iki haftada bir d\u00fczenlenen\u00a0<a href=\"https:\/\/aura-istanbul.com\/index.php\/cumartesiaurasi\/\" target=\"_blank\" rel=\"nofollow noopener noreferrer\">Cumartesi Auras\u0131<\/a>\u00a0konferans dizisi devam ediyor.<\/p>\n<p>Cumartesi Auras\u0131, 30 Kas\u0131m Cumartesi g\u00fcn\u00fc \u201cTasar\u0131mda ve Tasar\u0131mc\u0131da \u00c7ok Katmanl\u0131l\u0131k \u00dczerine\u201d ba\u015fl\u0131kl\u0131 konu\u015fmas\u0131 ile end\u00fcstri \u00fcr\u00fcnleri tasar\u0131mc\u0131s\u0131, stratejik tasar\u0131m y\u00f6neticisi ve yarat\u0131c\u0131 giri\u015fimci <a href=\"http:\/\/www.ozlemyalim.com\">\u00d6zlem Yal\u0131m<\/a>\u2019\u0131 a\u011f\u0131rl\u0131yor.<\/p>\n<p>Kat\u0131l\u0131m \u00fccretsiz, kontenjan s\u0131n\u0131rl\u0131d\u0131r.<br \/>\nEtkinlik bilgilerinde yer alan <a href=\"https:\/\/cumartesiaurasi-ozlemyalim.eventbrite.com\">bilet linki<\/a> \u00fczerinden kay\u0131t gereklidir.<\/p>\n<\/div>\n<div class=\"structured-content-rich-text structured-content__module l-align-left l-mar-vert-6 l-sm-mar-vert-4 text-body-medium\">\n<div class=\"g-group l-mar-bot-6 l-sm-mar-bot-4\">\n<div class=\"structured-content g-cell g-cell-10-12 g-cell-md-1-1\">\n<div class=\"has-user-generated-content\" data-automation=\"about-this-event-sc\">\n<div class=\"structured-content-rich-text structured-content__module l-align-left l-mar-vert-6 l-sm-mar-vert-4 text-body-medium\">\n<hr \/>\n<\/div>\n<div class=\"structured-content-rich-text structured-content__module l-align-left l-mar-vert-6 l-sm-mar-vert-4 text-body-medium\">\n<h4><strong>Tasar\u0131mda ve Tasar\u0131mc\u0131da \u00c7ok Katmanl\u0131l\u0131k \u00dczerine <\/strong><\/h4>\n<p>&#8220;Y\u00fczy\u0131llar s\u00fcresince \u00fcretim t\u00fcketim aks\u0131nda ilerleyen tasar\u0131m kavram\u0131, son bir ka\u00e7 on y\u0131l i\u00e7inde b\u00fcy\u00fck bir h\u0131zla evrilerek yeni anlamlar, boyutlar ve \u00a0hayaller ediniyor. Bu \u00e7ok katmanl\u0131l\u0131k i\u00e7erisinde tasar\u0131m\u0131n ve tasar\u0131mc\u0131n\u0131n tan\u0131m\u0131 \u00a0hi\u00e7 olmad\u0131\u011f\u0131 kadar mu\u011flak. 25 y\u0131ll\u0131k profesyonel kariyeri s\u00fcresince \u00a0\u00e7ok \u00e7e\u015fitli mesleki pratiklerde deneyim sahibi olmu\u015f olan ve i\u00e7inde bulundu\u011fumuz \u00e7a\u011fdaki d\u00f6n\u00fc\u015f\u00fcmleri yak\u0131ndan takip eden bir merakl\u0131 ki\u015fi olarak, bu \u00e7ok katmanl\u0131l\u0131k \u00fczerine sohbet etmeyi d\u00fc\u015f\u00fcnd\u00fcm.&#8221;<\/p>\n<hr \/>\n<\/div>\n<div class=\"structured-content-rich-text structured-content__module l-align-left l-mar-vert-6 l-sm-mar-vert-4 text-body-medium\">\n<h4><strong>\u00d6zlem Yal\u0131m <\/strong><\/h4>\n<p>Ankara do\u011fumlu \u00d6zlem Yal\u0131m,1995\u2019te <a href=\"https:\/\/arch.metu.edu.tr\/\">ODT\u00dc Mimarl\u0131k Fak\u00fcltesi<\/a>, <a href=\"http:\/\/id.metu.edu.tr\/\">End\u00fcstri \u00dcr\u00fcnleri Tasar\u0131m\u0131<\/a> b\u00f6l\u00fcm\u00fcnden mezun oldu. Kurucu orta\u011f\u0131 oldu\u011fu Kilit Ta\u015f\u0131 Mimarl\u0131k\u2019tan 2001\u2019de ayr\u0131larak \u0130stanbul\u2019a yerle\u015fti. Mekan tasar\u0131m\u0131ndan \u00fcr\u00fcn tasar\u0131m\u0131na, kurumsal kimlikten sergilemeye kadar farkl\u0131 tasar\u0131m alanlar\u0131nda i\u015f ve proje \u00fcretti. Terminal, Adresistanbul, Koleksiyon gibi firmalarda \u00fcstlendi\u011fi tasar\u0131m ve marka direkt\u00f6rl\u00fc\u011f\u00fc g\u00f6revlerinden sonra hayalini kurarak projelendirdi\u011fi tasar\u0131m bienalini \u0130KSV ile 2012\u2018de hayata ge\u00e7irdi. Bienal direkt\u00f6rl\u00fc\u011f\u00fcnden 2013\u2019te, <a href=\"https:\/\/iksv.org\/\">\u0130KSV<\/a>\u2019den de 2014\u2019te ayr\u0131larak profesyonel hayata geri d\u00f6nd\u00fc. 2015\u2019ten bu yana TEPTA\u2019da, markan\u0131n stratejik konumlamas\u0131, uluslararas\u0131 markalarla ili\u015fkiler, PR-ileti\u015fim, dijitalle\u015fme ve pazarlama faaliyetlerinin koordinasyonunu sa\u011fl\u0131yor. 2007\u2019de NTV &#8211; T\u00fcrk Mucit yar\u0131\u015fmas\u0131 j\u00fcri \u00fcyeleri aras\u0131nda bulunan \u00d6zlem Yal\u0131m, TurkishTime taraf\u0131ndan 2011 ve 2012 y\u0131llar\u0131nda T\u00fcrkiye\u2019nin en yarat\u0131c\u0131 50 ismi aras\u0131nda g\u00f6sterilmi\u015fti. \u0130\u015f d\u0131\u015f\u0131nda okumak ve yazmak ile ciddi olarak ilgilenen, <a href=\"https:\/\/t24.com.tr\/yazarlar\/ozlem-yalim-tasarim\/aura-miz,24114\">T24 Pazar\u2019<\/a>da tasar\u0131m hakk\u0131nda k\u00f6\u015fe yaz\u0131yor. Bir k\u0131z\u0131, bir de kedisi var.<\/p>\n<hr \/>\n<\/div>\n<div class=\"structured-content-rich-text structured-content__module l-align-left l-mar-vert-6 l-sm-mar-vert-4 text-body-medium\">\n<p><strong>Cumartesi Auras\u0131 nedir?<\/strong><\/p>\n<\/div>\n<\/div>\n<\/div>\n<\/div>\n<\/div>\n<div class=\"structured-content-rich-text structured-content__module l-align-left l-mar-vert-6 l-sm-mar-vert-4 text-body-medium\">\n<p>Cumartesi Auras\u0131, AURA \u0130stanbul Mimarl\u0131k ve \u015eehircilik Ara\u015ft\u0131rmalar\u0131 Akademisi\u2019nin sertifika program\u0131 dahilinde d\u00fczenlenen disiplinleraras\u0131 nitelikteki konferans dizisidir. Mimarl\u0131k, \u015fehircilik, sanat, teknoloji, felsefe dallar\u0131nda tart\u0131\u015fma, bulu\u015fma ve fark\u0131ndal\u0131k ortam\u0131 olu\u015fturmay\u0131 hedefler.<\/p>\n<\/div>\n<p>&nbsp;<\/p>\n<p>&nbsp;<\/p>\n<p>&nbsp;<\/p>\n<p>&nbsp;<\/p>\n","protected":false},"excerpt":{"rendered":"<p>Tarih: 30 Kas\u0131m 2019 \/ Cumartesi \/ 15:00 Yer: AURA \u0130stanbul Kay\u0131t i\u00e7in\u00a0t\u0131klay\u0131n. AURA \u0130stanbul\u00a0Mimarl\u0131k ve \u015eehircilik Ara\u015ft\u0131rmalar\u0131 Akademisi\u2019nin Sertifika Program\u0131 dahilinde, iki haftada bir d\u00fczenlenen\u00a0Cumartesi Auras\u0131\u00a0konferans dizisi devam ediyor. [&hellip;]<\/p>\n","protected":false},"author":2,"featured_media":6042,"comment_status":"closed","ping_status":"open","sticky":false,"template":"","format":"standard","meta":{"_acf_changed":false,"_seopress_robots_primary_cat":"","_seopress_titles_title":"Cumartesi Auras\u0131: Tasar\u0131mda ve Tasar\u0131mc\u0131da \u00c7ok Katmanl\u0131l\u0131k | %%sitetitle%%","_seopress_titles_desc":"\u00d6zlem Yal\u0131m &quot;Tasar\u0131mda ve Tasar\u0131mc\u0131da \u00c7ok Katmanl\u0131l\u0131k&quot; sunumu ile 30 Kas\u0131m'da AURA \u0130stanbul'da!","_seopress_robots_index":"","_price":"","_stock":"","_tribe_ticket_header":"","_tribe_default_ticket_provider":"","_tribe_ticket_capacity":"0","_ticket_start_date":"","_ticket_end_date":"","_tribe_ticket_show_description":"","_tribe_ticket_show_not_going":false,"_tribe_ticket_use_global_stock":"","_tribe_ticket_global_stock_level":"","_global_stock_mode":"","_global_stock_cap":"","_tribe_rsvp_for_event":"","_tribe_ticket_going_count":"","_tribe_ticket_not_going_count":"","_tribe_tickets_list":"[]","_tribe_ticket_has_attendee_info_fields":false,"_EventAllDay":false,"_EventTimezone":"","_EventStartDate":"","_EventEndDate":"","_EventStartDateUTC":"","_EventEndDateUTC":"","_EventShowMap":false,"_EventShowMapLink":false,"_EventURL":"","_EventCost":"","_EventCostDescription":"","_EventCurrencySymbol":"","_EventCurrencyCode":"","_EventCurrencyPosition":"","_EventDateTimeSeparator":"","_EventTimeRangeSeparator":"","_EventOrganizerID":[],"_EventVenueID":[],"_OrganizerEmail":"","_OrganizerPhone":"","_OrganizerWebsite":"","_VenueAddress":"","_VenueCity":"","_VenueCountry":"","_VenueProvince":"","_VenueState":"","_VenueZip":"","_VenuePhone":"","_VenueURL":"","_VenueStateProvince":"","_VenueLat":"","_VenueLng":"","_VenueShowMap":false,"_VenueShowMapLink":false,"footnotes":""},"categories":[55,75],"tags":[333,107],"class_list":["post-6027","post","type-post","status-publish","format-standard","has-post-thumbnail","hentry","category-cumartesi-aurasi","category-etkinlik","tag-ozlem-yalim","tag-tasarim"],"acf":[],"_links":{"self":[{"href":"https:\/\/aura-istanbul.com\/index.php\/wp-json\/wp\/v2\/posts\/6027","targetHints":{"allow":["GET"]}}],"collection":[{"href":"https:\/\/aura-istanbul.com\/index.php\/wp-json\/wp\/v2\/posts"}],"about":[{"href":"https:\/\/aura-istanbul.com\/index.php\/wp-json\/wp\/v2\/types\/post"}],"author":[{"embeddable":true,"href":"https:\/\/aura-istanbul.com\/index.php\/wp-json\/wp\/v2\/users\/2"}],"replies":[{"embeddable":true,"href":"https:\/\/aura-istanbul.com\/index.php\/wp-json\/wp\/v2\/comments?post=6027"}],"version-history":[{"count":6,"href":"https:\/\/aura-istanbul.com\/index.php\/wp-json\/wp\/v2\/posts\/6027\/revisions"}],"predecessor-version":[{"id":6041,"href":"https:\/\/aura-istanbul.com\/index.php\/wp-json\/wp\/v2\/posts\/6027\/revisions\/6041"}],"wp:featuredmedia":[{"embeddable":true,"href":"https:\/\/aura-istanbul.com\/index.php\/wp-json\/wp\/v2\/media\/6042"}],"wp:attachment":[{"href":"https:\/\/aura-istanbul.com\/index.php\/wp-json\/wp\/v2\/media?parent=6027"}],"wp:term":[{"taxonomy":"category","embeddable":true,"href":"https:\/\/aura-istanbul.com\/index.php\/wp-json\/wp\/v2\/categories?post=6027"},{"taxonomy":"post_tag","embeddable":true,"href":"https:\/\/aura-istanbul.com\/index.php\/wp-json\/wp\/v2\/tags?post=6027"}],"curies":[{"name":"wp","href":"https:\/\/api.w.org\/{rel}","templated":true}]}}