{"id":6964,"date":"2020-06-12T12:36:39","date_gmt":"2020-06-12T09:36:39","guid":{"rendered":"https:\/\/aura-istanbul.com\/?p=6964"},"modified":"2020-08-21T22:08:09","modified_gmt":"2020-08-21T19:08:09","slug":"aura-prizma-yenilebilir-tasarim-seckisi-yayinlandi","status":"publish","type":"post","link":"https:\/\/aura-istanbul.com\/index.php\/2020\/06\/12\/aura-prizma-yenilebilir-tasarim-seckisi-yayinlandi\/","title":{"rendered":"AURA Prizma &#8220;Yenilebilir Tasar\u0131m&#8221; Se\u00e7kisi Yay\u0131nland\u0131!"},"content":{"rendered":"<p><strong><em>AURA \u0130stanbul Sertifika Program\u0131 Mezunlar\u0131, AURA Alumni taraf\u0131ndan d\u00fczenlenen AURA Prizma serisinin ilk etkinli\u011fi \u201cYenilebilir Tasar\u0131m Yar\u0131\u015fmas\u0131\u201dna kat\u0131lan 10 projeye yar\u0131\u015fma se\u00e7kisinde yer verildi.<\/em><\/strong><\/p>\n<p><em>\u00a0<\/em>\u201cMutfak ve mimarl\u0131k, tasar\u0131m, sanat aras\u0131nda gastronomik bir anoloji kurmak ne derece m\u00fcmk\u00fcn?\u201d sorusuyla yola \u00e7\u0131kan ve \u00e7ok disiplinli yakla\u015f\u0131mlar\u0131 \u2018mutfak\u2019 \u00fczerinden bir araya getirmeyi hedefleyen yar\u0131\u015fma; mimarl\u0131k, gastronomi ve tasar\u0131m alanlar\u0131nda uzmanlardan olu\u015fan j\u00fcri \u00fcyelerinin de\u011ferlendirmesi ile <span style=\"font-weight: 400;\">2 Haziran 2020 tarihinde <\/span>sonu\u00e7land\u0131.<\/p>\n<p><span style=\"font-weight: 400;\">\u00a0Yenilebilir Tasar\u0131m Yar\u0131\u015fmas\u0131 sonucunda birincilik ve e\u015f de\u011fer mansiyon \u00f6d\u00fclleri alan 4 projenin yan\u0131 s\u0131ra; j\u00fcri de\u011ferlendirmesinde ikinci a\u015famaya ta\u015f\u0131nan ve kat\u0131l\u0131mc\u0131lar\u0131n\u0131n onay\u0131 al\u0131nan 6 projenin, bir se\u00e7ki olarak AURA \u0130stanbul&#8217;un web sitesinde yay\u0131nlanmas\u0131na karar verilmi\u015fti.<\/span><\/p>\n<p>De\u011ferlendirme s\u00fcrecine ili\u015fkin <a href=\"https:\/\/aura-istanbul.com\/wp-content\/uploads\/2020\/06\/AURA-Prizma-Yenilebilir-Tasar\u0131m-Yar\u0131\u015fma-Raporu.pdf\">yar\u0131\u015fma raporuna bu link \u00fczerinden ula\u015f\u0131labilir<\/a>.<\/p>\n<ul>\n<li>Zuhal \u00c7ok\u015fenim\u2019in \u2018Yeni D\u00fcnya\u2019 isimli projesi birinci se\u00e7ilerek<br \/>\n\u201c<a href=\"https:\/\/www.masterclass.com\/\">MasterClass.com<\/a> online e\u011fitim platformuna 1 y\u0131ll\u0131k s\u0131n\u0131rs\u0131z eri\u015fim\u201d \u00f6d\u00fcl\u00fcne lay\u0131k g\u00f6r\u00fcld\u00fc.<\/li>\n<li>K\u00fcbra Dilikara\u2019n\u0131n \u2018Strawberry Fields Forever\u2019,<\/li>\n<li>\u00d6mer Faruk Aksoylar\u2019\u0131n \u2018Tomurcuk\u2019<\/li>\n<li>\u00d6znur \u00c7akan ve Bengisu Boz\u2019un \u2018Sinbiyotik Enginar\u2019<br \/>\nisimli projeleri e\u015fde\u011fer mansiyon \u00f6d\u00fcl\u00fcne uygun g\u00f6r\u00fcld\u00fc.<\/li>\n<\/ul>\n<p>&nbsp;<\/p>\n<p>J\u00fcri \u00fcyelerinin oy \u00e7oklu\u011fu ile ikinci de\u011ferlendirme turuna ta\u015f\u0131nm\u0131\u015f olan;<\/p>\n<ul>\n<li style=\"font-weight: 400;\"><span style=\"font-weight: 400;\">Ay\u00e7a \u00d6zg\u00fcn\u2019\u00fcn \u2018POC\u0130\u2019<\/span><\/li>\n<li style=\"font-weight: 400;\"><span style=\"font-weight: 400;\">Ceydanur Yaprak\u2019\u0131n \u2018SALT\u2019180\u2019<\/span><\/li>\n<li style=\"font-weight: 400;\"><span style=\"font-weight: 400;\">Mustafa Mert Ko\u00e7\u2019un \u2018Kesit Ta\u015f\u0131 (Geode Cake)\u2019<\/span><\/li>\n<li style=\"font-weight: 400;\"><span style=\"font-weight: 400;\">M\u00fcge Y\u0131lmaz ve Alexa Trilla\u2019n\u0131n \u2018M\u0130LK\u2019<\/span><\/li>\n<li style=\"font-weight: 400;\"><span style=\"font-weight: 400;\">\u00d6zge \u00dcst\u00fcnda\u011f ve Kerem Gani\u00e7\u2019in \u2018yem\u00f6k\u2019<\/span><\/li>\n<li style=\"font-weight: 400;\"><span style=\"font-weight: 400;\">Sena Ayaz ve Arif Emrecan Tun\u00e7bilek\u2019in \u2018Social Pie\u2019<br \/>\nisimli projelerin yar\u0131\u015fma se\u00e7kisinde yer almas\u0131 uygun g\u00f6r\u00fcld\u00fc.<\/span><\/li>\n<\/ul>\n<p>Bu birbirinden farkl\u0131 yakla\u015f\u0131mla ele al\u0131nm\u0131\u015f projelerin detaylar\u0131n\u0131 ve tariflerini AURA Prizma &#8220;Yenilebilir Tasar\u0131m&#8221; Se\u00e7kisi ba\u015fl\u0131kl\u0131 <a href=\"https:\/\/aura-istanbul.com\/index.php\/aura-prizma-yenilebilir-tasarim-yarismasi-seckisi\/\">web sayfam\u0131zdan<\/a> inceleyebilirsiniz! Kazananlar\u0131 ve t\u00fcm kat\u0131l\u0131mc\u0131lar\u0131 bir kez daha tebrik ediyoruz!<\/p>\n<hr \/>\n<p>Kapak g\u00f6rseli:\u00a0Zuhal \u00c7ok\u015fenim \u2018Yeni D\u00fcnya\u2019<\/p>\n","protected":false},"excerpt":{"rendered":"<p>AURA \u0130stanbul Sertifika Program\u0131 Mezunlar\u0131, AURA Alumni taraf\u0131ndan d\u00fczenlenen AURA Prizma serisinin ilk etkinli\u011fi \u201cYenilebilir Tasar\u0131m Yar\u0131\u015fmas\u0131\u201dna kat\u0131lan 10 projeye yar\u0131\u015fma se\u00e7kisinde yer verildi. \u00a0\u201cMutfak ve mimarl\u0131k, tasar\u0131m, sanat aras\u0131nda [&hellip;]<\/p>\n","protected":false},"author":2,"featured_media":6967,"comment_status":"closed","ping_status":"open","sticky":false,"template":"","format":"standard","meta":{"_acf_changed":false,"_seopress_robots_primary_cat":"","_seopress_titles_title":"AURA Prizma &quot;Yenilebilir Tasar\u0131m&quot; Se\u00e7kisi Yay\u0131nland\u0131! | %%sitetitle%%","_seopress_titles_desc":"AURA \u0130stanbul Sertifika Program\u0131 Mezunlar\u0131, AURA Alumni taraf\u0131ndan d\u00fczenlenen AURA Prizma serisinin ilk etkinli\u011fi \u201cYenilebilir Tasar\u0131m\u201d se\u00e7kisi yay\u0131nland\u0131.","_seopress_robots_index":"","_price":"","_stock":"","_tribe_ticket_header":"","_tribe_default_ticket_provider":"","_tribe_ticket_capacity":"0","_ticket_start_date":"","_ticket_end_date":"","_tribe_ticket_show_description":"","_tribe_ticket_show_not_going":false,"_tribe_ticket_use_global_stock":"","_tribe_ticket_global_stock_level":"","_global_stock_mode":"","_global_stock_cap":"","_tribe_rsvp_for_event":"","_tribe_ticket_going_count":"","_tribe_ticket_not_going_count":"","_tribe_tickets_list":"[]","_tribe_ticket_has_attendee_info_fields":false,"_EventAllDay":false,"_EventTimezone":"","_EventStartDate":"","_EventEndDate":"","_EventStartDateUTC":"","_EventEndDateUTC":"","_EventShowMap":false,"_EventShowMapLink":false,"_EventURL":"","_EventCost":"","_EventCostDescription":"","_EventCurrencySymbol":"","_EventCurrencyCode":"","_EventCurrencyPosition":"","_EventDateTimeSeparator":"","_EventTimeRangeSeparator":"","_EventOrganizerID":[],"_EventVenueID":[],"_OrganizerEmail":"","_OrganizerPhone":"","_OrganizerWebsite":"","_VenueAddress":"","_VenueCity":"","_VenueCountry":"","_VenueProvince":"","_VenueState":"","_VenueZip":"","_VenuePhone":"","_VenueURL":"","_VenueStateProvince":"","_VenueLat":"","_VenueLng":"","_VenueShowMap":false,"_VenueShowMapLink":false,"footnotes":""},"categories":[410],"tags":[412,107,405,68,411],"class_list":["post-6964","post","type-post","status-publish","format-standard","has-post-thumbnail","hentry","category-aura-prizma","tag-gastronomi","tag-tasarim","tag-tasarim-yarismasi","tag-yarisma","tag-yenilebilir-tasarim"],"acf":[],"_links":{"self":[{"href":"https:\/\/aura-istanbul.com\/index.php\/wp-json\/wp\/v2\/posts\/6964","targetHints":{"allow":["GET"]}}],"collection":[{"href":"https:\/\/aura-istanbul.com\/index.php\/wp-json\/wp\/v2\/posts"}],"about":[{"href":"https:\/\/aura-istanbul.com\/index.php\/wp-json\/wp\/v2\/types\/post"}],"author":[{"embeddable":true,"href":"https:\/\/aura-istanbul.com\/index.php\/wp-json\/wp\/v2\/users\/2"}],"replies":[{"embeddable":true,"href":"https:\/\/aura-istanbul.com\/index.php\/wp-json\/wp\/v2\/comments?post=6964"}],"version-history":[{"count":13,"href":"https:\/\/aura-istanbul.com\/index.php\/wp-json\/wp\/v2\/posts\/6964\/revisions"}],"predecessor-version":[{"id":6994,"href":"https:\/\/aura-istanbul.com\/index.php\/wp-json\/wp\/v2\/posts\/6964\/revisions\/6994"}],"wp:featuredmedia":[{"embeddable":true,"href":"https:\/\/aura-istanbul.com\/index.php\/wp-json\/wp\/v2\/media\/6967"}],"wp:attachment":[{"href":"https:\/\/aura-istanbul.com\/index.php\/wp-json\/wp\/v2\/media?parent=6964"}],"wp:term":[{"taxonomy":"category","embeddable":true,"href":"https:\/\/aura-istanbul.com\/index.php\/wp-json\/wp\/v2\/categories?post=6964"},{"taxonomy":"post_tag","embeddable":true,"href":"https:\/\/aura-istanbul.com\/index.php\/wp-json\/wp\/v2\/tags?post=6964"}],"curies":[{"name":"wp","href":"https:\/\/api.w.org\/{rel}","templated":true}]}}