{"id":8109,"date":"2020-12-03T15:36:20","date_gmt":"2020-12-03T12:36:20","guid":{"rendered":"https:\/\/aura-istanbul.com\/?p=8109"},"modified":"2020-12-03T15:36:20","modified_gmt":"2020-12-03T12:36:20","slug":"aura-seminerleri-levent-senturk-pourat-potansiyel-urbanizm-atolyesi","status":"publish","type":"post","link":"https:\/\/aura-istanbul.com\/index.php\/2020\/12\/03\/aura-seminerleri-levent-senturk-pourat-potansiyel-urbanizm-atolyesi\/","title":{"rendered":"AURA Seminerleri: Levent \u015eent\u00fcrk &#8220;Pourat, Potansiyel Urbanizm At\u00f6lyesi&#8221;"},"content":{"rendered":"<div class=\"g-group l-lg-mar-bot-6 l-md-mar-bot-4 \">\n<div class=\"g-cell g-cell-10-12 g-cell-md-1-1\">\n<div class=\"has-user-generated-content js-d-read-more read-more js-read-more read-more--medium-down read-more--expanded\" data-xd-wired=\"read-more\">\n<div class=\"js-xd-read-more-toggle-view read-more__toggle-view\">\n<div class=\"js-xd-read-more-contents text-body-medium\" data-automation=\"listing-event-description\">\n<p>AURA \u0130stanbul seminerleri ilham veren konuklar\u0131yla devam ediyor!<\/p>\n<p>Akademisyen mimar<strong> Levent \u015eent\u00fcrk<\/strong>, &#8220;Pourat, Potansiyel Urbanizm At\u00f6lyesi&#8221; ba\u015fl\u0131kl\u0131 konu\u015fmas\u0131 ile, <strong>4 Aral\u0131k Cuma<\/strong>\u00a0g\u00fcn\u00fc\u00a0<strong>saat 16.00&#8217;da<\/strong> AURA Seminerleri&#8217;ne konuk oluyor.<\/p>\n<p>Sertifika program\u0131 dahilinde kat\u0131l\u0131mc\u0131lar\u0131m\u0131za y\u00f6nelik d\u00fczenlenen hafta i\u00e7i seminerleri canl\u0131 olarak <a href=\"http:\/\/youtube.com\/auraistanbul\">YouTube kanal\u0131m\u0131zda<\/a>. Semineri dinlemek isteyenler YouTube kanal\u0131m\u0131za abone olarak, canl\u0131 yay\u0131ndan haberdar olabilir.<\/p>\n<\/div>\n<\/div>\n<\/div>\n<\/div>\n<\/div>\n<p><!--more--><\/p>\n<div class=\"structured-content-rich-text structured-content__module l-align-left l-mar-vert-6 l-sm-mar-vert-4 text-body-medium\">\n<div class=\"g-group l-mar-bot-6 l-sm-mar-bot-4\">\n<div class=\"structured-content g-cell g-cell-10-12 g-cell-md-1-1\">\n<div class=\"has-user-generated-content\" data-automation=\"about-this-event-sc\">\n<p><iframe loading=\"lazy\" src=\"https:\/\/www.youtube.com\/embed\/amZ6QNWKIS4\" width=\"560\" height=\"315\" frameborder=\"0\" allowfullscreen=\"allowfullscreen\"><\/iframe><\/p>\n<hr \/>\n<p><strong>Levent \u015eent\u00fcrk Hakk\u0131nda<\/strong><\/p>\n<\/div>\n<\/div>\n<div class=\"structured-content g-cell g-cell-10-12 g-cell-md-1-1\">\n<div class=\"has-user-generated-content\" data-automation=\"about-this-event-sc\">\n<p class=\"p1\">Mimar, akademisyen, deneme yazar\u0131, ara\u015ft\u0131rmac\u0131. 6 Temmuz 1974, Eski\u015fehir do\u011fumlu. \u0130lk ve orta\u00f6\u011frenimini Eski\u015fehir\u2019de tamamlad\u0131; Osmangazi \u00dcniversitesi Mimarl\u0131k B\u00f6l\u00fcm\u00fc (1999) mezunu. \u00c7al\u0131\u015fmalar\u0131n\u0131 1999 y\u0131l\u0131ndan itibaren Eski\u015fehir\u2019de mimarl\u0131k yaparak s\u00fcrd\u00fcrd\u00fc. 2003\u2019de MSGS\u00dc\u2019de y\u00fcksek lisans\u0131n\u0131, 2007\u2019de YT\u00dc\u2019de doktoras\u0131n\u0131 tamamlad\u0131. 2010\u2019da ESOG\u00dc Mimarl\u0131k B\u00f6l\u00fcm\u00fcnde Mimarl\u0131k Tarihi ve Kuram\u0131 anabilim dal\u0131nda \u00f6\u011fretim \u00fcyesi oldu. Mardin Artuklu \u00dcniversitesi Mimarl\u0131k B\u00f6l\u00fcm\u00fcnde Yrd. Do\u00e7. Dr. unvan\u0131yla \u00f6\u011fretim \u00fcyesi ve dekan yard\u0131mc\u0131s\u0131 olarak g\u00f6rev yapt\u0131.<\/p>\n<p class=\"p1\">\u015eent\u00fcrk&#8217;\u00fcn ilk denemesi\u00a0<i>\u201cBinan\u0131n E\u015fkaline Dair\u201d<\/i>, 1997\u2019de\u00a0<i>Mimarl\u0131k<\/i>\u00a0dergisinde, ilk \u00f6yk\u00fcs\u00fc\u00a0<i>kitap-l\u0131k<\/i>\u00a0dergisinde \u00e7\u0131km\u0131\u015ft\u0131. Di\u011fer yaz\u0131 ve \u015fiirlerini\u00a0<i>Arredamento Mimarl\u0131k, kitap-l\u0131k,<\/i>\u00a0<i>Betonart,<\/i>\u00a0<i>KaosGL, K\u0131rtipil, Mesele<\/i>\u00a0ve\u00a0<i>Ludingirra<\/i>\u00a0dergilerinde yay\u0131mlad\u0131 ve yay\u0131ml\u0131yor.<\/p>\n<\/div>\n<\/div>\n<\/div>\n<\/div>\n<p>&nbsp;<\/p>\n<p>&nbsp;<\/p>\n<p>&nbsp;<\/p>\n","protected":false},"excerpt":{"rendered":"<p>AURA \u0130stanbul seminerleri ilham veren konuklar\u0131yla devam ediyor! Akademisyen mimar Levent \u015eent\u00fcrk, &#8220;Pourat, Potansiyel Urbanizm At\u00f6lyesi&#8221; ba\u015fl\u0131kl\u0131 konu\u015fmas\u0131 ile, 4 Aral\u0131k Cuma\u00a0g\u00fcn\u00fc\u00a0saat 16.00&#8217;da AURA Seminerleri&#8217;ne konuk oluyor. Sertifika program\u0131 dahilinde [&hellip;]<\/p>\n","protected":false},"author":7,"featured_media":8111,"comment_status":"closed","ping_status":"open","sticky":false,"template":"","format":"standard","meta":{"_acf_changed":false,"_seopress_robots_primary_cat":"","_seopress_titles_title":"AURA Seminerleri: Levent \u015eent\u00fcrk &quot;Pourat, Potansiyel Urbanizm At\u00f6lyesi&quot; | %%sitetitle%%","_seopress_titles_desc":"Akademisyen mimar Levent \u015eent\u00fcrk, &quot;Pourat, Potansiyel Urbanizm At\u00f6lyesi&quot; ba\u015fl\u0131kl\u0131 konu\u015fmas\u0131 ile, 4 Aral\u0131k Cuma\u00a0g\u00fcn\u00fc\u00a0saat 16.00'da AURA Seminerleri'ne konuk oluyor.","_seopress_robots_index":"","_price":"","_stock":"","_tribe_ticket_header":"","_tribe_default_ticket_provider":"","_tribe_ticket_capacity":"0","_ticket_start_date":"","_ticket_end_date":"","_tribe_ticket_show_description":"","_tribe_ticket_show_not_going":false,"_tribe_ticket_use_global_stock":"","_tribe_ticket_global_stock_level":"","_global_stock_mode":"","_global_stock_cap":"","_tribe_rsvp_for_event":"","_tribe_ticket_going_count":"","_tribe_ticket_not_going_count":"","_tribe_tickets_list":"[]","_tribe_ticket_has_attendee_info_fields":false,"_EventAllDay":false,"_EventTimezone":"","_EventStartDate":"","_EventEndDate":"","_EventStartDateUTC":"","_EventEndDateUTC":"","_EventShowMap":false,"_EventShowMapLink":false,"_EventURL":"","_EventCost":"","_EventCostDescription":"","_EventCurrencySymbol":"","_EventCurrencyCode":"","_EventCurrencyPosition":"","_EventDateTimeSeparator":"","_EventTimeRangeSeparator":"","_EventOrganizerID":[],"_EventVenueID":[],"_OrganizerEmail":"","_OrganizerPhone":"","_OrganizerWebsite":"","_VenueAddress":"","_VenueCity":"","_VenueCountry":"","_VenueProvince":"","_VenueState":"","_VenueZip":"","_VenuePhone":"","_VenueURL":"","_VenueStateProvince":"","_VenueLat":"","_VenueLng":"","_VenueShowMap":false,"_VenueShowMapLink":false,"footnotes":""},"categories":[191,75,128],"tags":[443,456,486,399,487,488,366,419],"class_list":["post-8109","post","type-post","status-publish","format-standard","has-post-thumbnail","hentry","category-blog","category-etkinlik","category-sertifika-programi","tag-2020-guz-donemi","tag-guz-2020","tag-levent-senturk","tag-online","tag-potansiyel-urbanizm","tag-pourat","tag-seminer","tag-webinar"],"acf":[],"_links":{"self":[{"href":"https:\/\/aura-istanbul.com\/index.php\/wp-json\/wp\/v2\/posts\/8109","targetHints":{"allow":["GET"]}}],"collection":[{"href":"https:\/\/aura-istanbul.com\/index.php\/wp-json\/wp\/v2\/posts"}],"about":[{"href":"https:\/\/aura-istanbul.com\/index.php\/wp-json\/wp\/v2\/types\/post"}],"author":[{"embeddable":true,"href":"https:\/\/aura-istanbul.com\/index.php\/wp-json\/wp\/v2\/users\/7"}],"replies":[{"embeddable":true,"href":"https:\/\/aura-istanbul.com\/index.php\/wp-json\/wp\/v2\/comments?post=8109"}],"version-history":[{"count":2,"href":"https:\/\/aura-istanbul.com\/index.php\/wp-json\/wp\/v2\/posts\/8109\/revisions"}],"predecessor-version":[{"id":8112,"href":"https:\/\/aura-istanbul.com\/index.php\/wp-json\/wp\/v2\/posts\/8109\/revisions\/8112"}],"wp:featuredmedia":[{"embeddable":true,"href":"https:\/\/aura-istanbul.com\/index.php\/wp-json\/wp\/v2\/media\/8111"}],"wp:attachment":[{"href":"https:\/\/aura-istanbul.com\/index.php\/wp-json\/wp\/v2\/media?parent=8109"}],"wp:term":[{"taxonomy":"category","embeddable":true,"href":"https:\/\/aura-istanbul.com\/index.php\/wp-json\/wp\/v2\/categories?post=8109"},{"taxonomy":"post_tag","embeddable":true,"href":"https:\/\/aura-istanbul.com\/index.php\/wp-json\/wp\/v2\/tags?post=8109"}],"curies":[{"name":"wp","href":"https:\/\/api.w.org\/{rel}","templated":true}]}}