{"id":8203,"date":"2021-01-11T13:42:31","date_gmt":"2021-01-11T10:42:31","guid":{"rendered":"https:\/\/aura-istanbul.com\/?p=8203"},"modified":"2021-01-11T13:43:16","modified_gmt":"2021-01-11T10:43:16","slug":"aura-seminerleri-erdem-ceylan-charta-vacui-boslugun-haritasi-haritadaki-bosluk","status":"publish","type":"post","link":"https:\/\/aura-istanbul.com\/index.php\/2021\/01\/11\/aura-seminerleri-erdem-ceylan-charta-vacui-boslugun-haritasi-haritadaki-bosluk\/","title":{"rendered":"AURA Seminerleri: Erdem Ceylan \u201cCharta Vacui: Bo\u015flu\u011fun Haritas\u0131, Haritadaki Bo\u015fluk\u201d"},"content":{"rendered":"<div class=\"g-group l-lg-mar-bot-6 l-md-mar-bot-4 \">\n<div class=\"g-cell g-cell-10-12 g-cell-md-1-1\">\n<div class=\"has-user-generated-content js-d-read-more read-more js-read-more read-more--medium-down read-more--expanded\" data-xd-wired=\"read-more\">\n<div class=\"js-xd-read-more-toggle-view read-more__toggle-view\">\n<div class=\"js-xd-read-more-contents text-body-medium\" data-automation=\"listing-event-description\">\n<p>AURA \u0130stanbul seminerleri ilham veren konuklar\u0131yla devam ediyor!<\/p>\n<p>Akademisyen mimar <strong>Erdem Ceylan<\/strong>, &#8220;Charta Vacui: Bo\u015flu\u011fun Haritas\u0131, Haritadaki Bo\u015fluk&#8221; ba\u015fl\u0131kl\u0131 konu\u015fmas\u0131 ile,<strong> 12 Ocak Sal\u0131 saat 16.00&#8217;da<\/strong> AURA Seminerleri&#8217;ne konuk oluyor.<\/p>\n<p>Sertifika program\u0131 dahilinde kat\u0131l\u0131mc\u0131lar\u0131m\u0131za y\u00f6nelik d\u00fczenlenen hafta i\u00e7i seminerleri canl\u0131 olarak <a href=\"http:\/\/youtube.com\/auraistanbul\">YouTube kanal\u0131m\u0131zda<\/a>. Semineri dinlemek isteyenler YouTube kanal\u0131m\u0131za abone olarak, canl\u0131 yay\u0131ndan haberdar olabilir.<\/p>\n<\/div>\n<\/div>\n<\/div>\n<\/div>\n<\/div>\n<p><!--more--><\/p>\n<div class=\"structured-content-rich-text structured-content__module l-align-left l-mar-vert-6 l-sm-mar-vert-4 text-body-medium\">\n<div class=\"g-group l-mar-bot-6 l-sm-mar-bot-4\">\n<div class=\"structured-content g-cell g-cell-10-12 g-cell-md-1-1\">\n<div class=\"has-user-generated-content\" data-automation=\"about-this-event-sc\">\n<p><iframe loading=\"lazy\" src=\"https:\/\/www.youtube.com\/embed\/TeyM3PY91TM\" width=\"560\" height=\"315\" frameborder=\"0\" allowfullscreen=\"allowfullscreen\"><\/iframe><\/p>\n<hr \/>\n<p><strong>Erdem Ceylan Hakk\u0131nda<\/strong><\/p>\n<\/div>\n<\/div>\n<div class=\"structured-content g-cell g-cell-10-12 g-cell-md-1-1\">\n<div class=\"has-user-generated-content\" data-automation=\"about-this-event-sc\">\n<p class=\"p1\">Mimarl\u0131k e\u011fitimini <a href=\"https:\/\/www.msgsu.edu.tr\/faculties\/mimarlik-fakultesi\/mimarlik-bolumu\">Mimar Sinan G\u00fczel Sanatlar \u00dcniversitesi Mimarl\u0131k Fak\u00fcltesi<\/a>&#8216;nde ald\u0131ktan sonra, y\u00fcksek lisans ve doktora \u00e7al\u0131\u015fmalar\u0131n\u0131 da ayn\u0131 kurumda tamamlad\u0131. Halen ayn\u0131 kurumda Bina Bilgisi Bilim Dal\u0131&#8217;nda Doktor \u00d6\u011fretim \u00dcyesi olarak \u00e7al\u0131\u015fmaya devam ediyor.\u00a0Ceylan, y\u00fcksek lisans e\u011fitimini \u201cModern Mimaride Megastr\u00fckt\u00fcrler: Megastr\u00fckt\u00fcrlerin Olu\u015fumu, Geli\u015fimi ve D\u00f6n\u00fc\u015f\u00fcm\u00fc\u201d, doktora e\u011fitimini ise \u201cModern Bir Mimari Temsil ve Performans Arac\u0131 ya da Mimarl\u0131kta Diyagram\u201d adl\u0131 tezleriyle tamamlad\u0131. \u00c7al\u0131\u015fmalar\u0131 mimari tasar\u0131m kuram ve y\u00f6ntemleri, mimari temsil ve ara\u00e7lar\u0131, beden ve mek\u00e2n ili\u015fkisi, modern an\u0131t ve an\u0131tsall\u0131k, \u00f6l\u00fcm ve mek\u00e2n ba\u011f\u0131nt\u0131s\u0131, Deleuze d\u00fc\u015f\u00fcncesi ve mimarl\u0131k ili\u015fkisi konular\u0131na yo\u011funla\u015ft\u0131. Mimari metin \u00e7evirisi bir di\u011fer ilgi alan\u0131d\u0131r.<\/p>\n<\/div>\n<\/div>\n<\/div>\n<\/div>\n<p>&nbsp;<\/p>\n<p>&nbsp;<\/p>\n<p>&nbsp;<\/p>\n","protected":false},"excerpt":{"rendered":"<p>AURA \u0130stanbul seminerleri ilham veren konuklar\u0131yla devam ediyor! Akademisyen mimar Erdem Ceylan, &#8220;Charta Vacui: Bo\u015flu\u011fun Haritas\u0131, Haritadaki Bo\u015fluk&#8221; ba\u015fl\u0131kl\u0131 konu\u015fmas\u0131 ile, 12 Ocak Sal\u0131 saat 16.00&#8217;da AURA Seminerleri&#8217;ne konuk oluyor. [&hellip;]<\/p>\n","protected":false},"author":7,"featured_media":8204,"comment_status":"closed","ping_status":"open","sticky":false,"template":"","format":"standard","meta":{"_acf_changed":false,"_seopress_robots_primary_cat":"","_seopress_titles_title":"AURA Seminerleri: Erdem Ceylan \u201cCharta Vacui: Bo\u015flu\u011fun Haritas\u0131, Haritadaki Bo\u015fluk\u201d  | %%sitetitle%%","_seopress_titles_desc":"Akademisyen mimar Erdem Ceylan, &quot;Charta Vacui: Bo\u015flu\u011fun Haritas\u0131, Haritadaki Bo\u015fluk&quot; ba\u015fl\u0131kl\u0131 konu\u015fmas\u0131 ile, 12 Ocak Sal\u0131 saat 16.00'da AURA Seminerleri'ne konuk oluyor.","_seopress_robots_index":"","_price":"","_stock":"","_tribe_ticket_header":"","_tribe_default_ticket_provider":"","_tribe_ticket_capacity":"0","_ticket_start_date":"","_ticket_end_date":"","_tribe_ticket_show_description":"","_tribe_ticket_show_not_going":false,"_tribe_ticket_use_global_stock":"","_tribe_ticket_global_stock_level":"","_global_stock_mode":"","_global_stock_cap":"","_tribe_rsvp_for_event":"","_tribe_ticket_going_count":"","_tribe_ticket_not_going_count":"","_tribe_tickets_list":"[]","_tribe_ticket_has_attendee_info_fields":false,"_EventAllDay":false,"_EventTimezone":"","_EventStartDate":"","_EventEndDate":"","_EventStartDateUTC":"","_EventEndDateUTC":"","_EventShowMap":false,"_EventShowMapLink":false,"_EventURL":"","_EventCost":"","_EventCostDescription":"","_EventCurrencySymbol":"","_EventCurrencyCode":"","_EventCurrencyPosition":"","_EventDateTimeSeparator":"","_EventTimeRangeSeparator":"","_EventOrganizerID":[],"_EventVenueID":[],"_OrganizerEmail":"","_OrganizerPhone":"","_OrganizerWebsite":"","_VenueAddress":"","_VenueCity":"","_VenueCountry":"","_VenueProvince":"","_VenueState":"","_VenueZip":"","_VenuePhone":"","_VenueURL":"","_VenueStateProvince":"","_VenueLat":"","_VenueLng":"","_VenueShowMap":false,"_VenueShowMapLink":false,"footnotes":""},"categories":[191,75,128],"tags":[443,507,447,509,504,456,508,505,506,399,366,419],"class_list":["post-8203","post","type-post","status-publish","format-standard","has-post-thumbnail","hentry","category-blog","category-etkinlik","category-sertifika-programi","tag-2020-guz-donemi","tag-boslugun-haritasi","tag-bosluk","tag-charta-vacui","tag-erdem-ceylan","tag-guz-2020","tag-haritadaki-bosluk","tag-kuram","tag-mimari-tasarim","tag-online","tag-seminer","tag-webinar"],"acf":[],"_links":{"self":[{"href":"https:\/\/aura-istanbul.com\/index.php\/wp-json\/wp\/v2\/posts\/8203","targetHints":{"allow":["GET"]}}],"collection":[{"href":"https:\/\/aura-istanbul.com\/index.php\/wp-json\/wp\/v2\/posts"}],"about":[{"href":"https:\/\/aura-istanbul.com\/index.php\/wp-json\/wp\/v2\/types\/post"}],"author":[{"embeddable":true,"href":"https:\/\/aura-istanbul.com\/index.php\/wp-json\/wp\/v2\/users\/7"}],"replies":[{"embeddable":true,"href":"https:\/\/aura-istanbul.com\/index.php\/wp-json\/wp\/v2\/comments?post=8203"}],"version-history":[{"count":2,"href":"https:\/\/aura-istanbul.com\/index.php\/wp-json\/wp\/v2\/posts\/8203\/revisions"}],"predecessor-version":[{"id":8206,"href":"https:\/\/aura-istanbul.com\/index.php\/wp-json\/wp\/v2\/posts\/8203\/revisions\/8206"}],"wp:featuredmedia":[{"embeddable":true,"href":"https:\/\/aura-istanbul.com\/index.php\/wp-json\/wp\/v2\/media\/8204"}],"wp:attachment":[{"href":"https:\/\/aura-istanbul.com\/index.php\/wp-json\/wp\/v2\/media?parent=8203"}],"wp:term":[{"taxonomy":"category","embeddable":true,"href":"https:\/\/aura-istanbul.com\/index.php\/wp-json\/wp\/v2\/categories?post=8203"},{"taxonomy":"post_tag","embeddable":true,"href":"https:\/\/aura-istanbul.com\/index.php\/wp-json\/wp\/v2\/tags?post=8203"}],"curies":[{"name":"wp","href":"https:\/\/api.w.org\/{rel}","templated":true}]}}