{"id":8216,"date":"2021-01-18T11:43:13","date_gmt":"2021-01-18T08:43:13","guid":{"rendered":"https:\/\/aura-istanbul.com\/?p=8216"},"modified":"2021-01-18T11:56:50","modified_gmt":"2021-01-18T08:56:50","slug":"cumartesi-aurasi-aydin-hasan-polatkan","status":"publish","type":"post","link":"https:\/\/aura-istanbul.com\/index.php\/2021\/01\/18\/cumartesi-aurasi-aydin-hasan-polatkan\/","title":{"rendered":"Cumartesi Auras\u0131: Ayd\u0131n Hasan Polatkan &#8220;Sinema ve Mimarl\u0131k Aras\u0131nda: Barok \u00dczerine D\u00fc\u015f\u00fcnceler&#8221;"},"content":{"rendered":"<div class=\"g-group l-lg-mar-bot-6 l-md-mar-bot-4 \">\n<div class=\"g-cell g-cell-10-12 g-cell-md-1-1\">\n<div class=\"has-user-generated-content\">\n<div class=\"text-body-medium\" data-automation=\"listing-event-description\">\n<p><strong>Cumartesi Auras\u0131 disiplinler aras\u0131 konferans dizisi, 23 Ocak Cumartesi g\u00fcn\u00fc saat 15.00&#8217;te mimar Ayd\u0131n Hasan Polatkan&#8217;\u0131 a\u011f\u0131rl\u0131yor&#8230;<\/strong><\/p>\n<p>Cumartesi Auras\u0131,\u00a0<strong>Sinema ve Mimarl\u0131k Aras\u0131nda: Barok \u00dczerine D\u00fc\u015f\u00fcnceler<\/strong>\u00a0ba\u015fl\u0131kl\u0131 konu\u015fmas\u0131 ile mimar Ayd\u0131n Hasan Polatkan&#8217;\u0131 a\u011f\u0131rl\u0131yor.<\/p>\n<p>Etkinlik dili \u0130ngilizce&#8217;dir ve T\u00fcrk\u00e7e simultane \u00e7eviri yap\u0131lacakt\u0131r. Pekdemir (Yap\u0131, Mimarl\u0131k, Proje) sponsorlu\u011funda ger\u00e7ekle\u015fen etkinli\u011fe kat\u0131l\u0131m herkese a\u00e7\u0131k ve \u00fccretsizdir. Eventbrite u\u0308zerinden kay\u0131t olan kat\u0131l\u0131mc\u0131lara Zoom oturum linki, e-posta yoluyla iletilecektir. Etkinlik, AURA I\u0307stanbul <a href=\"http:\/\/youtube.com\/auraistanbul\">YouTube<\/a> kanal\u0131ndan canl\u0131 olarak da yay\u0131nlanacakt\u0131r.<\/p>\n<\/div>\n<\/div>\n<\/div>\n<\/div>\n<p>Kay\u0131t olmak i\u00e7in\u00a0<a href=\"https:\/\/cumartesiaurasi-aydinhasanpolatkan.eventbrite.com\"> t\u0131klay\u0131n.<\/a><\/p>\n<hr \/>\n<div class=\"structured-content-rich-text structured-content__module l-align-left l-mar-vert-6 l-sm-mar-vert-4 text-body-medium\">\n<p><strong>Sinema ve Mimarl\u0131k Aras\u0131nda: Barok \u00dczerine D\u00fc\u015f\u00fcnceler<\/strong><\/p>\n<p><em>&#8220;Sinema ve Mimarl\u0131k&#8221; dedi\u011fimizde, her \u015feyden \u00f6te g\u00f6rsel alanda \u00fcr\u00fcn verilen, \u00fcretim alanlar\u0131 olmalar\u0131 nedeniyle \u00fczerinde \u00e7ok\u00e7a \u00e7al\u0131\u015fma yap\u0131lan ve \u00e7al\u0131\u015f\u0131lmaktan ho\u015flan\u0131lan bir disiplinleraras\u0131 alan\u0131 tariflemekteyiz. Her iki prati\u011fin de fenomenolojisini \u00fcst \u00fcste \u00e7ak\u0131\u015ft\u0131rmak ise en az\u0131ndan bana kolay gelmemekte; sunum, bu t\u00fcrden bir deneme i\u00e7in d\u00fc\u015f\u00fcn\u00fcld\u00fc\u011f\u00fcnde bahsi ge\u00e7ebilecek baz\u0131 ba\u015fl\u0131klar \u00fczerine bir d\u00fc\u015f\u00fcnce ak\u0131\u015f\u0131d\u0131r.<\/em><\/p>\n<\/div>\n<div>\n<hr \/>\n<p>&nbsp;<\/p>\n<\/div>\n<div class=\"structured-content-rich-text structured-content__module l-align-left l-mar-vert-6 l-sm-mar-vert-4 text-body-medium\">\n<p><strong>Ayd\u0131n Hasan Polatkan<\/strong><\/p>\n<p>Ayd\u0131n Hasan Polatkan 1967 y\u0131l\u0131nda do\u011fdu. Mimarl\u0131k alan\u0131nda lisans derecesini 1993 y\u0131l\u0131nda Orta Do\u011fu Teknik \u00dcniversitesi&#8217;nde tamamlad\u0131. 1997 y\u0131l\u0131nda Mimarl\u0131k Tarihi alan\u0131nda y\u00fcksek lisans derecesini, 2004 y\u0131l\u0131nda ise doktora derecesini \u0130stanbul Teknik \u00dcniversitesi Mimarl\u0131k Tarihi A.B.D.&#8217;dan ald\u0131. Serbest olarak \u00e7al\u0131\u015fmaktad\u0131r.<\/p>\n<hr \/>\n<p><strong>Cumartesi Auras\u0131 nedir?<\/strong><\/p>\n<p>Cumartesi Auras\u0131, AURA \u0130stanbul Mimarl\u0131k ve \u015eehircilik Ara\u015ft\u0131rmalar\u0131 Akademisi\u2019nin sertifika program\u0131 dahilinde d\u00fczenlenen disiplinleraras\u0131 nitelikteki konferans dizisidir. Mimarl\u0131k, \u015fehircilik, sanat, teknoloji, felsefe dallar\u0131nda tart\u0131\u015fma, bulu\u015fma ve fark\u0131ndal\u0131k ortam\u0131 olu\u015fturmay\u0131 hedefler.<\/p>\n<\/div>\n<p>&nbsp;<\/p>\n","protected":false},"excerpt":{"rendered":"<p>Cumartesi Auras\u0131 disiplinler aras\u0131 konferans dizisi, 23 Ocak Cumartesi g\u00fcn\u00fc saat 15.00&#8217;te mimar Ayd\u0131n Hasan Polatkan&#8217;\u0131 a\u011f\u0131rl\u0131yor&#8230; Cumartesi Auras\u0131,\u00a0Sinema ve Mimarl\u0131k Aras\u0131nda: Barok \u00dczerine D\u00fc\u015f\u00fcnceler\u00a0ba\u015fl\u0131kl\u0131 konu\u015fmas\u0131 ile mimar Ayd\u0131n Hasan [&hellip;]<\/p>\n","protected":false},"author":7,"featured_media":8218,"comment_status":"closed","ping_status":"closed","sticky":false,"template":"","format":"standard","meta":{"_acf_changed":false,"_seopress_robots_primary_cat":"","_seopress_titles_title":"Cumartesi Auras\u0131: Ayd\u0131n Hasan Polatkan &quot;Sinema ve Mimarl\u0131k Aras\u0131nda: Barok \u00dczerine D\u00fc\u015f\u00fcnceler&quot; | %%sitetitle%%","_seopress_titles_desc":"Cumartesi Auras\u0131 disiplinler aras\u0131 konferans dizisi, 23 Ocak Cumartesi g\u00fcn\u00fc saat 15.00'te mimar Ayd\u0131n Hasan Polatkan'\u0131 a\u011f\u0131rl\u0131yor...","_seopress_robots_index":"","_price":"","_stock":"","_tribe_ticket_header":"","_tribe_default_ticket_provider":"","_tribe_ticket_capacity":"0","_ticket_start_date":"","_ticket_end_date":"","_tribe_ticket_show_description":"","_tribe_ticket_show_not_going":false,"_tribe_ticket_use_global_stock":"","_tribe_ticket_global_stock_level":"","_global_stock_mode":"","_global_stock_cap":"","_tribe_rsvp_for_event":"","_tribe_ticket_going_count":"","_tribe_ticket_not_going_count":"","_tribe_tickets_list":"[]","_tribe_ticket_has_attendee_info_fields":false,"_EventAllDay":false,"_EventTimezone":"","_EventStartDate":"","_EventEndDate":"","_EventStartDateUTC":"","_EventEndDateUTC":"","_EventShowMap":false,"_EventShowMapLink":false,"_EventURL":"","_EventCost":"","_EventCostDescription":"","_EventCurrencySymbol":"","_EventCurrencyCode":"","_EventCurrencyPosition":"","_EventDateTimeSeparator":"","_EventTimeRangeSeparator":"","_EventOrganizerID":[],"_EventVenueID":[],"_OrganizerEmail":"","_OrganizerPhone":"","_OrganizerWebsite":"","_VenueAddress":"","_VenueCity":"","_VenueCountry":"","_VenueProvince":"","_VenueState":"","_VenueZip":"","_VenuePhone":"","_VenueURL":"","_VenueStateProvince":"","_VenueLat":"","_VenueLng":"","_VenueShowMap":false,"_VenueShowMapLink":false,"footnotes":""},"categories":[55,75],"tags":[522,521,77,389,503,520,519,107],"class_list":["post-8216","post","type-post","status-publish","format-standard","has-post-thumbnail","hentry","category-cumartesi-aurasi","category-etkinlik","tag-aydin-hasan-polatkan","tag-barok","tag-cumartesi-aurasi","tag-mimari","tag-mimarlik-egitimi","tag-sinema","tag-sinema-ve-mimarlik","tag-tasarim"],"acf":[],"_links":{"self":[{"href":"https:\/\/aura-istanbul.com\/index.php\/wp-json\/wp\/v2\/posts\/8216","targetHints":{"allow":["GET"]}}],"collection":[{"href":"https:\/\/aura-istanbul.com\/index.php\/wp-json\/wp\/v2\/posts"}],"about":[{"href":"https:\/\/aura-istanbul.com\/index.php\/wp-json\/wp\/v2\/types\/post"}],"author":[{"embeddable":true,"href":"https:\/\/aura-istanbul.com\/index.php\/wp-json\/wp\/v2\/users\/7"}],"replies":[{"embeddable":true,"href":"https:\/\/aura-istanbul.com\/index.php\/wp-json\/wp\/v2\/comments?post=8216"}],"version-history":[{"count":3,"href":"https:\/\/aura-istanbul.com\/index.php\/wp-json\/wp\/v2\/posts\/8216\/revisions"}],"predecessor-version":[{"id":8221,"href":"https:\/\/aura-istanbul.com\/index.php\/wp-json\/wp\/v2\/posts\/8216\/revisions\/8221"}],"wp:featuredmedia":[{"embeddable":true,"href":"https:\/\/aura-istanbul.com\/index.php\/wp-json\/wp\/v2\/media\/8218"}],"wp:attachment":[{"href":"https:\/\/aura-istanbul.com\/index.php\/wp-json\/wp\/v2\/media?parent=8216"}],"wp:term":[{"taxonomy":"category","embeddable":true,"href":"https:\/\/aura-istanbul.com\/index.php\/wp-json\/wp\/v2\/categories?post=8216"},{"taxonomy":"post_tag","embeddable":true,"href":"https:\/\/aura-istanbul.com\/index.php\/wp-json\/wp\/v2\/tags?post=8216"}],"curies":[{"name":"wp","href":"https:\/\/api.w.org\/{rel}","templated":true}]}}