{"id":8233,"date":"2021-02-03T18:57:35","date_gmt":"2021-02-03T15:57:35","guid":{"rendered":"https:\/\/aura-istanbul.com\/?p=8233"},"modified":"2021-02-03T18:59:19","modified_gmt":"2021-02-03T15:59:19","slug":"cumartesi-aurasi-elif-kendir-b-zeynep-turan-yabankent","status":"publish","type":"post","link":"https:\/\/aura-istanbul.com\/index.php\/2021\/02\/03\/cumartesi-aurasi-elif-kendir-b-zeynep-turan-yabankent\/","title":{"rendered":"Cumartesi Auras\u0131: Elif Kendir B. &#038; Zeynep Turan &#8220;Yabankent&#8221;"},"content":{"rendered":"<div class=\"g-group l-lg-mar-bot-6 l-md-mar-bot-4 \">\n<div class=\"g-cell g-cell-10-12 g-cell-md-1-1\">\n<div class=\"has-user-generated-content\">\n<div class=\"text-body-medium\" data-automation=\"listing-event-description\">\n<div class=\"g-group l-lg-mar-bot-6 l-md-mar-bot-4 \">\n<div class=\"g-cell g-cell-10-12 g-cell-md-1-1\">\n<div class=\"has-user-generated-content\">\n<div class=\"text-body-medium\" data-automation=\"listing-event-description\"><strong>AURA \u0130stanbul G\u00fcz&#8217;20 D\u00f6neminin son Cumartesi Auras\u0131 etkinli\u011fi 6 \u015eubat Cumartesi saat 16.00&#8217;da Elif Kendir B. ve Zeynep Turan&#8217;\u0131 a\u011f\u0131rl\u0131yor&#8230;<\/strong><\/div>\n<\/div>\n<\/div>\n<\/div>\n<div class=\"g-group l-mar-bot-6 l-sm-mar-bot-4\">\n<div class=\"structured-content g-cell g-cell-10-12 g-cell-md-1-1\">\n<p>AURA \u0130stanbul taraf\u0131ndan organize edilen disiplinler aras\u0131 konferans dizisi, Cumartesi Auras\u0131, &#8220;Yabankent&#8221; ba\u015fl\u0131kl\u0131 konu\u015fma ile mimar, akademisyen <strong>Elif Kendir B.<\/strong> ile <strong>Zeynep Turan<\/strong>&#8216;\u0131 a\u011f\u0131rl\u0131yor.<\/p>\n<p>Kat\u0131l\u0131m herkese a\u00e7\u0131k ve \u00fccretsizdir. Eventbrite \u00fczerinden kay\u0131t olan kat\u0131l\u0131mc\u0131lara Zoom oturum linki, etkinlik g\u00fcn\u00fc e-posta yoluyla iletilecektir.<\/p>\n<p>Kay\u0131t i\u00e7in <a href=\"https:\/\/cumartesiaurasi-elifkendirb-zeynepturan.eventbrite.com\">t\u0131klay\u0131n.<\/a><\/p>\n<hr \/>\n<div class=\"has-user-generated-content\" data-automation=\"about-this-event-sc\">\n<div class=\"structured-content-rich-text structured-content__module l-align-left l-mar-vert-6 l-sm-mar-vert-4 text-body-medium\">\n<p><strong>Yabankent<\/strong><\/p>\n<p>Metropollerin kapital merkezli d\u00f6n\u00fc\u015f\u00fcm\u00fc sonucu kentin ya\u015fam alan\u0131n\u0131 sa\u011flayan ye\u015fil altyap\u0131y\u0131 tahrip etmesi ile sa\u011fl\u0131ks\u0131zla\u015fan kentsel alanlar ve uzun vadede s\u00fcrd\u00fcr\u00fclebilir olmaktan \u00e7\u0131kan kent ile kar\u015f\u0131 kar\u015f\u0131yay\u0131z. Kentsel altyap\u0131lar, ekolojik bir bak\u0131\u015f a\u00e7\u0131s\u0131yla yeniden de\u011ferlendirilecek. Kent-do\u011fa ili\u015fkisi; s\u00fcrd\u00fcr\u00fclebilirlik, esneklik ve kendine yeterlik kavramlar\u0131 ile yeniden yabanla\u015ft\u0131rma ve ye\u015fil altyap\u0131 taktikleri merkezinde yeniden tart\u0131\u015f\u0131lacak.<\/p>\n<p>\u0130stanbul Bilgi \u00dcniversitesi, 2020-2021 G\u00fcz d\u00f6neminde, Tasar\u0131m Ara\u015ft\u0131rmalar\u0131 I-II-III st\u00fcdyosu, kentsel altyap\u0131lar\u0131 ekolojik bir bak\u0131\u015f a\u00e7\u0131s\u0131yla de\u011ferlendiren \u201cYabankent\u201d temas\u0131 kapsam\u0131nda \u0130stanbul ve New York metropolleri \u00fczerinde yo\u011funla\u015f\u0131larak \u00fcretilen ara\u015ft\u0131rma ve senaryolara yer verilecektir.<\/p>\n<hr \/>\n<\/div>\n<div class=\"structured-content-rich-text structured-content__module l-align-left l-mar-vert-6 l-sm-mar-vert-4 text-body-medium\">\n<p><strong>Elif Kendir-Beraha<\/strong>\u00a0(\u0130stanbul Bilgi \u00dcniversitesi\/ FOL Kolektif)<\/p>\n<p>Elif Kendir-Beraha \u0130stanbul Bilgi \u00dcniversitesi Mimarl\u0131k Fak\u00fcltesi\u2019nde \u00f6\u011fretim \u00fcyesi olan bir ara\u015ft\u0131rmac\u0131 ve mimard\u0131r. Anadolu\u2019daki geleneksel ta\u015f ustal\u0131\u011f\u0131n\u0131n mimarl\u0131\u011f\u0131n epistemolojisi ile ili\u015fkisi \u00fczerine yapt\u0131\u011f\u0131 doktora \u00e7al\u0131\u015fmas\u0131n\u0131 RMIT \u00dcniversitesi\u2019nde; tezsiz y\u00fcksek lisans \u00e7al\u0131\u015fmas\u0131n\u0131 Columbia \u00dcniversitesi \u0130leri Mimari Tasar\u0131m program\u0131nda; tezli y\u00fcksek lisans ve lisans \u00e7al\u0131\u015fmalar\u0131n\u0131 ise ODT\u00dc Mimarl\u0131k Fak\u00fcltesi\u2019nde tamamlam\u0131\u015ft\u0131r. Ana ilgi alanlar\u0131 kentsel ortamlar\u0131n politik ekolojisi, zanaat k\u00fclt\u00fcr\u00fc, mimari fenomenoloji ve arazinin in\u015fa prati\u011fi \u00fczerindeki epistemolojik etkisidir. Sanat-tasar\u0131m ara\u015ft\u0131rmalar\u0131 ulusal ve uluslararas\u0131 platformlarda yer alm\u0131\u015f; Ceren Balk\u0131r \u00d6v\u00fcn\u00e7 ile ortakla\u015fa kurdu\u011fu FOL Kolektif b\u00fcnyesinde \u00fcretilen Harran: Bir Ovan\u0131n \u00c7ehresi ara\u015ft\u0131rmas\u0131 2019 y\u0131l\u0131nda Studio-X \u0130stanbul\u2019da sergilenmi\u015ftir. 2020-21 G\u00fcz d\u00f6neminde Bilgi Mimarl\u0131k Y\u00fcksek Lisans Programlar\u0131 b\u00fcnyesinde Zeynep Turan Hoffman ile birlikte \u0130stanbul\u2019un politik ekolojisini ara\u015ft\u0131ran Yabankent ba\u015fl\u0131kl\u0131 bir tasar\u0131m ara\u015ft\u0131rmalar\u0131 st\u00fcdyosu y\u00fcr\u00fctm\u00fc\u015f ve bu st\u00fcdyo paralelinde Yaban Konu\u015fmalar isimli bir seminer dizisi d\u00fczenlemi\u015ftir.<\/p>\n<p><strong>Zeynep Turan Hoffman, PhD<\/strong><\/p>\n<p>Zeynep Turan, lisans derecesini ODT\u00dc Mimarl\u0131k B\u00f6l\u00fcm\u00fc\u2019nden; Mimarl\u0131k Tarihi ve Kuram\u0131 konusundaki y\u00fcksek lisans derecesini AA School of Architecture\u2019dan (MA, Histories and Theories of Architecture, 2001); \u00e7evresel psikoloji konusundaki doktora derecesini ise CUNY Graduate Center\u2019dan (Ph.D, Environmental Psychology, 2008) alm\u0131\u015ft\u0131r. Kamusal alan \u00fczerinden sosyal adalet ve e\u015fitlik kavramlar\u0131n\u0131 inceleyen \u00e7al\u0131\u015fmalar yapmaktad\u0131r. 2020-21 G\u00fcz d\u00f6neminde \u0130stanbul Bilgi \u00dcniversitesi Mimarl\u0131k Y\u00fcksek Lisans programlar\u0131 kapsam\u0131nda Elif Kendir Beraha ile \u0130stanbul\u2019un farkl\u0131 ekosistemlerini biyoce\u015fitlilik ve t\u00fcrler aras\u0131 ili\u015fkiler kapsam\u0131nda anlamaya odaklanan bir tasar\u0131m ara\u015ft\u0131rma st\u00fcdyosu y\u00fcr\u00fctm\u00fc\u015ft\u00fcr. Zeynep Turan New York&#8217;ta ya\u015famakta, CUNY ve New School&#8217;da ders vermektedir.<\/p>\n<\/div>\n<\/div>\n<\/div>\n<\/div>\n<\/div>\n<\/div>\n<\/div>\n<\/div>\n<div class=\"structured-content-rich-text structured-content__module l-align-left l-mar-vert-6 l-sm-mar-vert-4 text-body-medium\">\n<hr \/>\n<p><strong>Cumartesi Auras\u0131 nedir?<\/strong><\/p>\n<p>Cumartesi Auras\u0131, AURA \u0130stanbul Mimarl\u0131k ve \u015eehircilik Ara\u015ft\u0131rmalar\u0131 Akademisi\u2019nin sertifika program\u0131 dahilinde d\u00fczenlenen disiplinleraras\u0131 nitelikteki konferans dizisidir. Mimarl\u0131k, \u015fehircilik, sanat, teknoloji, felsefe dallar\u0131nda tart\u0131\u015fma, bulu\u015fma ve fark\u0131ndal\u0131k ortam\u0131 olu\u015fturmay\u0131 hedefler.<\/p>\n<\/div>\n<p>&nbsp;<\/p>\n","protected":false},"excerpt":{"rendered":"<p>AURA \u0130stanbul G\u00fcz&#8217;20 D\u00f6neminin son Cumartesi Auras\u0131 etkinli\u011fi 6 \u015eubat Cumartesi saat 16.00&#8217;da Elif Kendir B. ve Zeynep Turan&#8217;\u0131 a\u011f\u0131rl\u0131yor&#8230; AURA \u0130stanbul taraf\u0131ndan organize edilen disiplinler aras\u0131 konferans dizisi, Cumartesi [&hellip;]<\/p>\n","protected":false},"author":7,"featured_media":8234,"comment_status":"closed","ping_status":"closed","sticky":false,"template":"","format":"standard","meta":{"_acf_changed":false,"_seopress_robots_primary_cat":"","_seopress_titles_title":"Cumartesi Auras\u0131: Elif Kendir B. &amp; Zeynep Turan &quot;Yabankent&quot; | %%sitetitle%%","_seopress_titles_desc":"AURA \u0130stanbul G\u00fcz'20 D\u00f6neminin son Cumartesi Auras\u0131 etkinli\u011fi 6 \u015eubat Cumartesi saat 16.00'da Elif Kendir B. ve Zeynep Turan'\u0131 a\u011f\u0131rl\u0131yor...","_seopress_robots_index":"","_price":"","_stock":"","_tribe_ticket_header":"","_tribe_default_ticket_provider":"","_tribe_ticket_capacity":"0","_ticket_start_date":"","_ticket_end_date":"","_tribe_ticket_show_description":"","_tribe_ticket_show_not_going":false,"_tribe_ticket_use_global_stock":"","_tribe_ticket_global_stock_level":"","_global_stock_mode":"","_global_stock_cap":"","_tribe_rsvp_for_event":"","_tribe_ticket_going_count":"","_tribe_ticket_not_going_count":"","_tribe_tickets_list":"[]","_tribe_ticket_has_attendee_info_fields":false,"_EventAllDay":false,"_EventTimezone":"","_EventStartDate":"","_EventEndDate":"","_EventStartDateUTC":"","_EventEndDateUTC":"","_EventShowMap":false,"_EventShowMapLink":false,"_EventURL":"","_EventCost":"","_EventCostDescription":"","_EventCurrencySymbol":"","_EventCurrencyCode":"","_EventCurrencyPosition":"","_EventDateTimeSeparator":"","_EventTimeRangeSeparator":"","_EventOrganizerID":[],"_EventVenueID":[],"_OrganizerEmail":"","_OrganizerPhone":"","_OrganizerWebsite":"","_VenueAddress":"","_VenueCity":"","_VenueCountry":"","_VenueProvince":"","_VenueState":"","_VenueZip":"","_VenuePhone":"","_VenueURL":"","_VenueStateProvince":"","_VenueLat":"","_VenueLng":"","_VenueShowMap":false,"_VenueShowMapLink":false,"footnotes":""},"categories":[55,75],"tags":[77,532,527,531,80,534,81,533,389,529,328,107,530,528],"class_list":["post-8233","post","type-post","status-publish","format-standard","has-post-thumbnail","hentry","category-cumartesi-aurasi","category-etkinlik","tag-cumartesi-aurasi","tag-doga","tag-elif-kendir-b","tag-esneklik","tag-istanbul","tag-kapital","tag-kent","tag-metropol","tag-mimari","tag-new-york","tag-surdurulebilirlik","tag-tasarim","tag-yabankent","tag-zeynep-turan"],"acf":[],"_links":{"self":[{"href":"https:\/\/aura-istanbul.com\/index.php\/wp-json\/wp\/v2\/posts\/8233","targetHints":{"allow":["GET"]}}],"collection":[{"href":"https:\/\/aura-istanbul.com\/index.php\/wp-json\/wp\/v2\/posts"}],"about":[{"href":"https:\/\/aura-istanbul.com\/index.php\/wp-json\/wp\/v2\/types\/post"}],"author":[{"embeddable":true,"href":"https:\/\/aura-istanbul.com\/index.php\/wp-json\/wp\/v2\/users\/7"}],"replies":[{"embeddable":true,"href":"https:\/\/aura-istanbul.com\/index.php\/wp-json\/wp\/v2\/comments?post=8233"}],"version-history":[{"count":3,"href":"https:\/\/aura-istanbul.com\/index.php\/wp-json\/wp\/v2\/posts\/8233\/revisions"}],"predecessor-version":[{"id":8237,"href":"https:\/\/aura-istanbul.com\/index.php\/wp-json\/wp\/v2\/posts\/8233\/revisions\/8237"}],"wp:featuredmedia":[{"embeddable":true,"href":"https:\/\/aura-istanbul.com\/index.php\/wp-json\/wp\/v2\/media\/8234"}],"wp:attachment":[{"href":"https:\/\/aura-istanbul.com\/index.php\/wp-json\/wp\/v2\/media?parent=8233"}],"wp:term":[{"taxonomy":"category","embeddable":true,"href":"https:\/\/aura-istanbul.com\/index.php\/wp-json\/wp\/v2\/categories?post=8233"},{"taxonomy":"post_tag","embeddable":true,"href":"https:\/\/aura-istanbul.com\/index.php\/wp-json\/wp\/v2\/tags?post=8233"}],"curies":[{"name":"wp","href":"https:\/\/api.w.org\/{rel}","templated":true}]}}