{"id":8820,"date":"2021-04-13T15:37:03","date_gmt":"2021-04-13T12:37:03","guid":{"rendered":"https:\/\/aura-istanbul.com\/?p=8820"},"modified":"2021-04-19T18:01:44","modified_gmt":"2021-04-19T15:01:44","slug":"aura-alumni-proje-seminerleri-1","status":"publish","type":"post","link":"https:\/\/aura-istanbul.com\/index.php\/2021\/04\/13\/aura-alumni-proje-seminerleri-1\/","title":{"rendered":"AURA Alumni Proje Seminerleri:  Ayg\u00fcl \u00c7\u0131nar, Bora Can Aksoy, Do\u011fukan Erdo\u011fan"},"content":{"rendered":"<div class=\"g-group l-lg-mar-bot-6 l-md-mar-bot-4 \">\n<div class=\"g-cell g-cell-10-12 g-cell-md-1-1\">\n<div class=\"has-user-generated-content js-d-read-more read-more js-read-more read-more--medium-down read-more--expanded\" data-xd-wired=\"read-more\">\n<div class=\"js-xd-read-more-toggle-view read-more__toggle-view\">\n<div class=\"js-xd-read-more-contents text-body-medium\" data-automation=\"listing-event-description\">\n<p>AURA \u0130stanbul Bahar&#8217;21 D\u00f6nemi Seminerlerine AURA Alumni konuk oluyor!<\/p>\n<p><strong>14 Nisan \u00c7ar\u015famba<\/strong> g\u00fcn\u00fc saat <strong>14.00<\/strong>\u2019da ger\u00e7ekle\u015fecek dijital seminere, G\u00fcz 17 d\u00f6nemi kat\u0131l\u0131mc\u0131lar\u0131m\u0131zdan <strong>Ayg\u00fcl \u00c7\u0131nar<\/strong>, <strong>Bora Can Aksoy<\/strong> ve <strong>Do\u011fukan Erdo\u011fan<\/strong> konuk oluyor. AURA \u0130stanbul Sertifika Program\u0131 dahilinde ger\u00e7ekle\u015ftirdikleri projelerini kat\u0131l\u0131mc\u0131lar\u0131m\u0131zla payla\u015facaklar.<\/p>\n<p>\u2022<strong> Ayg\u00fcl \u00c7\u0131nar<\/strong> &#8220;\u0130stanbul\u2019a Bir Nefes: \u00c7in\u00e7in Deresi Ekolojik Koridoru&#8221;<br \/>\n\u2022 <strong>Bora Can Aksoy<\/strong> &#8220;Yap\u0131 Sto\u011fu Yenilenmesi S\u00fcrecinin Konut Birimi Planlamas\u0131 A\u00e7\u0131s\u0131ndan \u0130ncelenmesi: Ba\u011fdat Caddesi \u00d6rne\u011fi&#8221;<br \/>\n\u2022 <strong>Do\u011fukan Erdo\u011fan<\/strong> &#8220;B\u00fcy\u00fck \u00d6l\u00e7ekli Yeni Konut \u00c7evrelerinin Yerle\u015fme Formu A\u00e7\u0131s\u0131ndan \u0130ncelenmesi&#8221;<\/p>\n<p>Sertifika program\u0131 dahilinde kat\u0131l\u0131mc\u0131lar\u0131m\u0131za y\u00f6nelik d\u00fczenlenen hafta i\u00e7i seminerleri canl\u0131 olarak <a href=\"http:\/\/youtube.com\/auraistanbul\">YouTube kanal\u0131m\u0131zda<\/a>. Semineri dinlemek isteyenler YouTube kanal\u0131m\u0131za abone olarak, canl\u0131 yay\u0131ndan haberdar olabilir.<\/p>\n<p>&nbsp;<\/p>\n<\/div>\n<\/div>\n<\/div>\n<\/div>\n<\/div>\n<div class=\"structured-content-rich-text structured-content__module l-align-left l-mar-vert-6 l-sm-mar-vert-4 text-body-medium\">\n<div class=\"g-group l-mar-bot-6 l-sm-mar-bot-4\">\n<div class=\"structured-content g-cell g-cell-10-12 g-cell-md-1-1\">\n<div class=\"has-user-generated-content\" data-automation=\"about-this-event-sc\">\n<p><iframe loading=\"lazy\" title=\"YouTube video player\" src=\"https:\/\/www.youtube.com\/embed\/UElWm48o9X8\" width=\"560\" height=\"315\" frameborder=\"0\" allowfullscreen=\"allowfullscreen\"><\/iframe><\/p>\n<\/div>\n<\/div>\n<\/div>\n<\/div>\n<p>&nbsp;<\/p>\n<p>&nbsp;<\/p>\n<p>&nbsp;<\/p>\n","protected":false},"excerpt":{"rendered":"<p>AURA \u0130stanbul Bahar&#8217;21 D\u00f6nemi Seminerlerine AURA Alumni konuk oluyor! 14 Nisan \u00c7ar\u015famba g\u00fcn\u00fc saat 14.00\u2019da ger\u00e7ekle\u015fecek dijital seminere, G\u00fcz 17 d\u00f6nemi kat\u0131l\u0131mc\u0131lar\u0131m\u0131zdan Ayg\u00fcl \u00c7\u0131nar, Bora Can Aksoy ve Do\u011fukan Erdo\u011fan [&hellip;]<\/p>\n","protected":false},"author":7,"featured_media":8821,"comment_status":"closed","ping_status":"open","sticky":false,"template":"","format":"standard","meta":{"_acf_changed":false,"_seopress_robots_primary_cat":"","_seopress_titles_title":"AURA Alumni Proje Seminerleri:  Ayg\u00fcl \u00c7\u0131nar, Bora Can Aksoy, Do\u011fukan Erdo\u011fan | %%sitetitle%%","_seopress_titles_desc":"14 Nisan \u00c7ar\u015famba g\u00fcn\u00fc saat 14.00\u2019da ger\u00e7ekle\u015fecek dijital seminere, G\u00fcz 17 d\u00f6nemi kat\u0131l\u0131mc\u0131lar\u0131m\u0131zdan Ayg\u00fcl \u00c7\u0131nar, Bora Can Aksoy ve Do\u011fukan Erdo\u011fan konuk oluyor. AURA \u0130stanbul Sertifika Program\u0131 dahilinde ger\u00e7ekle\u015ftirdikleri projelerini kat\u0131l\u0131mc\u0131lar\u0131m\u0131zla payla\u015facaklar.","_seopress_robots_index":"","_price":"","_stock":"","_tribe_ticket_header":"","_tribe_default_ticket_provider":"","_tribe_ticket_capacity":"0","_ticket_start_date":"","_ticket_end_date":"","_tribe_ticket_show_description":"","_tribe_ticket_show_not_going":false,"_tribe_ticket_use_global_stock":"","_tribe_ticket_global_stock_level":"","_global_stock_mode":"","_global_stock_cap":"","_tribe_rsvp_for_event":"","_tribe_ticket_going_count":"","_tribe_ticket_not_going_count":"","_tribe_tickets_list":"[]","_tribe_ticket_has_attendee_info_fields":false,"_EventAllDay":false,"_EventTimezone":"","_EventStartDate":"","_EventEndDate":"","_EventStartDateUTC":"","_EventEndDateUTC":"","_EventShowMap":false,"_EventShowMapLink":false,"_EventURL":"","_EventCost":"","_EventCostDescription":"","_EventCurrencySymbol":"","_EventCurrencyCode":"","_EventCurrencyPosition":"","_EventDateTimeSeparator":"","_EventTimeRangeSeparator":"","_EventOrganizerID":[],"_EventVenueID":[],"_OrganizerEmail":"","_OrganizerPhone":"","_OrganizerWebsite":"","_VenueAddress":"","_VenueCity":"","_VenueCountry":"","_VenueProvince":"","_VenueState":"","_VenueZip":"","_VenuePhone":"","_VenueURL":"","_VenueStateProvince":"","_VenueLat":"","_VenueLng":"","_VenueShowMap":false,"_VenueShowMapLink":false,"footnotes":""},"categories":[191,75,128],"tags":[555,540,305,557,558,556,399,366,72,419],"class_list":["post-8820","post","type-post","status-publish","format-standard","has-post-thumbnail","hentry","category-blog","category-etkinlik","category-sertifika-programi","tag-2017-guz-donemi","tag-2021-bahar-donemi","tag-aura-alumni","tag-aygul-cinar","tag-bora-can-aksoylar","tag-dogukan-erdogan","tag-online","tag-seminer","tag-sertifika-programi","tag-webinar"],"acf":[],"_links":{"self":[{"href":"https:\/\/aura-istanbul.com\/index.php\/wp-json\/wp\/v2\/posts\/8820","targetHints":{"allow":["GET"]}}],"collection":[{"href":"https:\/\/aura-istanbul.com\/index.php\/wp-json\/wp\/v2\/posts"}],"about":[{"href":"https:\/\/aura-istanbul.com\/index.php\/wp-json\/wp\/v2\/types\/post"}],"author":[{"embeddable":true,"href":"https:\/\/aura-istanbul.com\/index.php\/wp-json\/wp\/v2\/users\/7"}],"replies":[{"embeddable":true,"href":"https:\/\/aura-istanbul.com\/index.php\/wp-json\/wp\/v2\/comments?post=8820"}],"version-history":[{"count":1,"href":"https:\/\/aura-istanbul.com\/index.php\/wp-json\/wp\/v2\/posts\/8820\/revisions"}],"predecessor-version":[{"id":8822,"href":"https:\/\/aura-istanbul.com\/index.php\/wp-json\/wp\/v2\/posts\/8820\/revisions\/8822"}],"wp:featuredmedia":[{"embeddable":true,"href":"https:\/\/aura-istanbul.com\/index.php\/wp-json\/wp\/v2\/media\/8821"}],"wp:attachment":[{"href":"https:\/\/aura-istanbul.com\/index.php\/wp-json\/wp\/v2\/media?parent=8820"}],"wp:term":[{"taxonomy":"category","embeddable":true,"href":"https:\/\/aura-istanbul.com\/index.php\/wp-json\/wp\/v2\/categories?post=8820"},{"taxonomy":"post_tag","embeddable":true,"href":"https:\/\/aura-istanbul.com\/index.php\/wp-json\/wp\/v2\/tags?post=8820"}],"curies":[{"name":"wp","href":"https:\/\/api.w.org\/{rel}","templated":true}]}}