{"id":9537,"date":"2021-11-11T14:34:09","date_gmt":"2021-11-11T11:34:09","guid":{"rendered":"https:\/\/aura-istanbul.com\/?p=9537"},"modified":"2021-11-11T14:39:39","modified_gmt":"2021-11-11T11:39:39","slug":"guz-2021-donemi-isinma-atolyesi","status":"publish","type":"post","link":"https:\/\/aura-istanbul.com\/index.php\/2021\/11\/11\/guz-2021-donemi-isinma-atolyesi\/","title":{"rendered":"AURA \u0130stanbul G\u00fcz 2021 D\u00f6nemi Is\u0131nma At\u00f6lyesi \u00c7al\u0131\u015fmalar\u0131n\u0131 Tamamlad\u0131!"},"content":{"rendered":"<p><strong>G\u00fcz&#8217;21 St\u00fcdyosu \u0131s\u0131nma at\u00f6lyesi \u00e7al\u0131\u015fmalar\u0131n\u0131 tamamlad\u0131!<\/strong><\/p>\n<p>Y\u00fcr\u00fct\u00fcc\u00fclerimiz;\u00a0 Zuhal Kol, Carlos Zarco Sanz, Tuna Han Ko\u00e7, Zeynep Alt\u0131nba\u015fl\u0131 ve kat\u0131l\u0131mc\u0131lar\u0131m\u0131z ile d\u00f6nem boyunca \u201cMetabolik Ke\u015fifler \/ Metabolic Discoveries\u201d temas\u0131n\u0131n tart\u0131\u015f\u0131laca\u011f\u0131 st\u00fcdyoda, bireysel \u00e7al\u0131\u015fmalar \u00f6ncesinde \u201cmetabolizma\u201d kavram\u0131n\u0131 ele almak \u00fczere grup \u00e7al\u0131\u015fmas\u0131 ger\u00e7ekle\u015fti. Kat\u0131l\u0131mc\u0131lar\u0131m\u0131z, \u0131s\u0131nma at\u00f6lyesi boyunca, \u0130stanbul\u2019da haritalama \u00fczerine \u00e7al\u0131\u015ft\u0131. Her grup kendi ilgi alanlar\u0131 ve tart\u0131\u015fmalar\u0131 do\u011frultusunda farkl\u0131 konular se\u00e7ti. Ard\u0131ndan kendi metodlar\u0131n\u0131 belirleyerek haritalama \u00e7al\u0131\u015fmalar\u0131n\u0131 tamamlad\u0131. At\u00f6lye \u00e7\u0131kt\u0131lar\u0131 \u00e7ok yak\u0131nda sosyal medya hesaplar\u0131m\u0131zda yay\u0131nlanacak.<\/p>\n<p>Kat\u0131l\u0131mc\u0131lar\u0131n\u00a0gruplar halinde \u00e7al\u0131\u015farak \u00fcrettiklerini detayl\u0131 olarak <a href=\"https:\/\/aura-istanbul.com\/index.php\/2021-guz-donemi-proje-sergisi\/\">web sitemizde<\/a> inceleyebilirsiniz.<\/p>\n<div class=\"kvgmc6g5 cxmmr5t8 oygrvhab hcukyx3x c1et5uql ii04i59q\">\n<div dir=\"auto\"><strong><img loading=\"lazy\" decoding=\"async\" class=\"size-large wp-image-9539 alignnone\" src=\"https:\/\/aura-istanbul.com\/wp-content\/uploads\/2021\/11\/g1-1-1024x698.png\" alt=\"\" width=\"1024\" height=\"698\" \/><br \/>\n<\/strong><\/div>\n<div dir=\"auto\"><\/div>\n<div dir=\"auto\"><strong>Ku\u015flar ve U\u00e7aklar<br \/>\n<\/strong>Beyza Ayaz, Dilan Atasayar, G\u00fclce Hal\u0131c\u0131, Manas Demirkas\u0131mo\u011fluMetabolizma nedir? Zaman i\u00e7erisinde \u015fehirde de\u011fi\u015fim\/d\u00f6n\u00fc\u015f\u00fcmlerden bahsetme imkan\u0131m\u0131z var m\u0131? Ne vard\u0131? Ne oldu? Ne d\u00f6n\u00fc\u015ft\u00fc?<\/p>\n<\/div>\n<div dir=\"auto\">\n<p>\u015eehirler ya\u015fayan organizmalar gibidir, zaman i\u00e7inde gelen uyar\u0131lara kar\u015f\u0131 b\u00fcy\u00fcyerek, adapte olarak, d\u00f6n\u00fc\u015ferek ve de\u011fi\u015ferek reaksiyon g\u00f6sterirler. Bu ba\u011flamda \u015fehirleri s\u00fcre\u00e7 i\u00e7erisinde i\u015fleyen bir metabolizma olarak de\u011ferlendirebiliriz. Metabolik ya\u015fam konsepti i\u00e7erisinde d\u00fc\u015f\u00fcn\u00fcld\u00fc\u011f\u00fcnde, \u015fehirler insan, do\u011fa, hayvan gibi metabolik d\u00f6ng\u00fclere sahiplerdir. \u00c7al\u0131\u015fmam\u0131zda, metabolizma kavram\u0131 \u00fczerinden havaalan\u0131 ve g\u00f6\u00e7men ku\u015flar ili\u015fkisine ve s\u00fcre\u00e7 i\u00e7erisindeki d\u00f6n\u00fc\u015f\u00fcme odakland\u0131k.<br \/>\n\u0130stanbul Havaalan\u0131&#8217;n\u0131n yap\u0131lmas\u0131yla Terkos G\u00f6l\u00fc ekseninde do\u011fal olaylar\u0131 ve be\u015feri unsurlar\u0131n, do\u011fal ya\u015fam \u00fczerindeki etkisini inceledik. Arnavutk\u00f6y, G\u00f6kt\u00fcrk ve \u00c7atalca yollar\u0131n\u0131n kesi\u015fimine in\u015fa edilen havaalan\u0131, 7.600 hektarl\u0131k alan, i\u00e7erisinde Kuzey Ormanlar\u0131na Yenik\u00f6y, Tayakad\u0131n ve Akp\u0131nar il\u00e7elerine ve Terkos G\u00f6l\u00fc\u2019ne kom\u015fu alanlar\u0131 kapsamaktad\u0131r. 6.000 hektarl\u0131k orman\u0131n kesilmesiyle gelen u\u00e7aklar ve insanlar, ku\u015flar\u0131n dinlenme noktalar\u0131 ve habitatlar\u0131n\u0131n yerini ald\u0131; bir yok olu\u015f ve varolu\u015f hikayesini ba\u015flatm\u0131\u015f oldu. Bu hikayede, kaybetti\u011fimizi sand\u0131\u011f\u0131m\u0131z de\u011ferler asl\u0131nda kaybolmad\u0131, yaln\u0131zca de\u011fi\u015fti ve d\u00f6n\u00fc\u015ft\u00fc; \u015fehirde ger\u00e7ekle\u015fmekte olan metamorfoz s\u00fcrecine dahil oldu.<\/p>\n<hr \/>\n<\/div>\n<\/div>\n<div dir=\"auto\"><\/div>\n<div dir=\"auto\"><img loading=\"lazy\" decoding=\"async\" class=\"size-large wp-image-9558 alignnone\" src=\"https:\/\/aura-istanbul.com\/wp-content\/uploads\/2021\/11\/g2-1-972x1024.png\" alt=\"\" width=\"972\" height=\"1024\" \/><\/div>\n<div dir=\"auto\"><\/div>\n<div class=\"kvgmc6g5 cxmmr5t8 oygrvhab hcukyx3x c1et5uql ii04i59q\">\n<div dir=\"auto\"><strong>Pozitif Bir Alan Olarak \u0130stanbul Bo\u011faz\u0131<\/strong><\/div>\n<div dir=\"auto\">\n<p>\u00c7a\u011fla \u00c7ekmen, Dilara U\u00e7ar, Serra Utkum \u0130kiz, Zeynep Sena Sancak<\/p>\n<p>Metabolizma, \u00e7evresel, sosyal, ekonomik ba\u011flamda insan aktiviteleri; insan ile do\u011fa aras\u0131ndaki etkile\u015fim ve ili\u015fkiler; kentsel a\u011flar ve altyap\u0131n\u0131n kullan\u0131l\u0131\u015f\u0131 ve kaynak kullan\u0131m\u0131n\u0131 ele alan bir kavram. Kenti canl\u0131 bir organizma olarak ele alan bu \u00e7al\u0131\u015fmada \u0130stanbul Bo\u011faz\u0131&#8217;na odaklan\u0131ld\u0131 ve \u0130stanbul Bo\u011faz\u0131 bu organizman\u0131n ya\u015fayan bir par\u00e7as\u0131 olarak incelendi. Kent; birden fazla a\u011f\u0131-uzvu bir arada bulunduran, kendi ritmine sahip, \u00e7ok katmanl\u0131, canl\u0131 bir organizma. \u0130stanbul da, bir deniz kenti olmas\u0131na ra\u011fmen, kent denildi\u011finde akla gelen \u015fey, kara par\u00e7as\u0131. Kartezyen kartografik temsilde, denizin tan\u0131ms\u0131z bo\u015f bir alan olarak tariflenmesini ele\u015ftirmek \u00e7al\u0131\u015fman\u0131n omurgas\u0131n\u0131 olu\u015fturuyor. G\u00f6r\u00fcnmeyeni g\u00f6r\u00fcn\u00fcr k\u0131lmay\u0131 ama\u00e7layan haritalama \u00e7al\u0131\u015fmas\u0131nda, kara negatif alan olarak ele al\u0131narak denize odaklan\u0131ld\u0131. Denizin \u0130stanbul\u2019un e\u015fi\u011fi mi, bo\u015flu\u011fu mu oldu\u011funu sorgulayarak yola \u00e7\u0131k\u0131lan bu \u00e7al\u0131\u015fmada, denizin katmanlar\u0131 incelenerek, haritada tan\u0131ms\u0131z, donuk bir bo\u015fluk olarak g\u00f6sterilen bu alanlar\u0131n asl\u0131nda birden fazla ili\u015fkiyi i\u00e7inde bar\u0131nd\u0131rd\u0131\u011f\u0131n\u0131 g\u00f6r\u00fcn\u00fcr hale getirmek ama\u00e7land\u0131.<\/p>\n<\/div>\n<\/div>\n<div class=\"o9v6fnle cxmmr5t8 oygrvhab hcukyx3x c1et5uql ii04i59q\">\n<div dir=\"auto\">\n<hr \/>\n<\/div>\n<\/div>\n<div class=\"o9v6fnle cxmmr5t8 oygrvhab hcukyx3x c1et5uql ii04i59q\">\n<div dir=\"auto\"><img loading=\"lazy\" decoding=\"async\" class=\"size-large wp-image-9561 alignnone\" src=\"https:\/\/aura-istanbul.com\/wp-content\/uploads\/2021\/11\/g3-1-1024x750.jpg\" alt=\"\" width=\"1024\" height=\"750\" \/><\/div>\n<div dir=\"auto\"><\/div>\n<div dir=\"auto\">\n<div class=\"kvgmc6g5 cxmmr5t8 oygrvhab hcukyx3x c1et5uql ii04i59q\">\n<div dir=\"auto\"><strong>\u0130stanbul Kirlilik \u0130zi Haritas\u0131<\/strong><\/div>\n<div dir=\"auto\">\n<p>Muhammed Eker, Naz \u00dcst\u00fcnda\u011f, Selin S\u00f6nmez\u0131\u015f\u0131k, \u00d6zlem Kurtcu<\/p>\n<p>\u0130stanbul kentinin metabolizmas\u0131nda at\u0131k sisteminin yeri nedir? \u00c7\u00f6plerin yolculu\u011fu ve kirlilik izini s\u00fcrmek i\u00e7in nas\u0131l bir yol izlemek gerekir? Canl\u0131 sistemlerde ancak d\u00f6ng\u00fcsel enerji aktar\u0131m\u0131 ile canl\u0131l\u0131k mevcut olabilir. Kentler de canl\u0131 metabolizmalara benzetilebilir. Kentte de\u011fi\u015fen ve d\u00f6n\u00fc\u015fen ak\u0131\u015f sistemleri metabolizman\u0131n birer par\u00e7as\u0131d\u0131r. Metabolik Ke\u015fifler temas\u0131na getirilen yorum \u0130stanbul\u2019un d\u00f6ng\u00fcsel metabolizmas\u0131 \u00fczerine d\u00fc\u015f\u00fcnerek ba\u015flar.<\/p>\n<\/div>\n<\/div>\n<div class=\"o9v6fnle cxmmr5t8 oygrvhab hcukyx3x c1et5uql ii04i59q\">\n<div dir=\"auto\">\u2018Homeostasis\u2019 metabolizma i\u00e7i dengenin korunmas\u0131 anlam\u0131na gelir. At\u0131klar kentsel metabolizmada homeostasiyi bozan unsurlard\u0131r. Sistemin i\u00e7inde kanserli dokular gibi b\u00fcy\u00fcy\u00fcp di\u011fer sa\u011fl\u0131kl\u0131 sistemlere zarar verebilmektedir. \u0130stanbul\u2019da metabolizma dengede de\u011fildir. \u0130stanbul\u2019da i\u00e7 dengesi stabil olmayan bu sistemi &lt;home\u2019\u0130STA\u2019sis&gt; olarak adland\u0131rabiliriz.<\/div>\n<\/div>\n<div class=\"o9v6fnle cxmmr5t8 oygrvhab hcukyx3x c1et5uql ii04i59q\">\n<div dir=\"auto\">\u0130stanbul\u2019da dengeyi bozan at\u0131k sisteminin kirlilik izini s\u00fcrmek i\u00e7in; \u00fcretilen at\u0131k miktar\u0131 % 57 oranla daha fazla olan Avrupa Yakas\u0131\u2019nda, en fazla at\u0131k \u00fcreten il\u00e7elerden biri olan K\u00fc\u00e7\u00fck\u00e7ekmece\u2019dir. Bu il\u00e7ede bulunan, Halkal\u0131 Aktarma \u0130stasyonu, \u0130stanbul\u2019un tek ar\u0131tma tesisi olan Odayeri \u00c7\u00f6p Suyu Ar\u0131tma Tesisi, Silivri Aktarma \u0130stasyonu ve at\u0131klar\u0131n son dura\u011f\u0131 Seymen D\u00fczenli Depolama Alan\u0131 rotadaki \u00f6nemli noktalar olarak belirlenmi\u015ftir.<\/div>\n<\/div>\n<div class=\"o9v6fnle cxmmr5t8 oygrvhab hcukyx3x c1et5uql ii04i59q\">\n<div dir=\"auto\">At\u0131klar, \u00f6nce evden ve ya\u015fanan mahalle biriminden, sonras\u0131nda kentten uzakla\u015ft\u0131r\u0131lmaktad\u0131r. Peki, kent d\u0131\u015f\u0131na \u00e7\u0131kar\u0131ld\u0131ktan sonras\u0131? Kentliler olarak bir sonraki ad\u0131m\u0131 d\u00fc\u015f\u00fcnmeyi g\u00f6z ard\u0131 etmekteyiz. At\u0131klar evden \u00e7\u0131kar\u0131l\u0131p kent d\u0131\u015f\u0131na aktar\u0131l\u0131rken kirlilik izi gittik\u00e7e b\u00fcy\u00fcr. Bu yolculuk s\u0131ras\u0131nda \u00e7evreye yayd\u0131\u011f\u0131 koku, do\u011frudan ve dolayl\u0131 olarak a\u00e7\u0131\u011fa \u00e7\u0131kard\u0131\u011f\u0131 karbon ve su ayak izleri ile do\u011fan\u0131n ve kentin metabolizmas\u0131na eklemlenmeye devam eder.<\/div>\n<div dir=\"auto\"><\/div>\n<\/div>\n<div dir=\"auto\">\n<hr \/>\n<\/div>\n<\/div>\n<\/div>\n<p><img loading=\"lazy\" decoding=\"async\" class=\"size-large wp-image-9565 alignnone\" src=\"https:\/\/aura-istanbul.com\/wp-content\/uploads\/2021\/11\/g4-1-1024x723.jpg\" alt=\"\" width=\"1024\" height=\"723\" \/><\/p>\n<div class=\"kvgmc6g5 cxmmr5t8 oygrvhab hcukyx3x c1et5uql ii04i59q\">\n<div dir=\"auto\"><strong>G\u00f6\u011fe Bakma Haritas\u0131<br \/>\n<\/strong>Cankat Seyret, \u00c7a\u011fatay \u00c7omakl\u0131, \u0130rem \u0130ncetuzcu<\/p>\n<p>\u201cZaman\u201d g\u00f6ky\u00fcz\u00fcn\u00fc canl\u0131 k\u0131lmaktad\u0131r. Ve g\u00f6ky\u00fcz\u00fc her zaman hareket halindedir. Bir an\u0131 di\u011fer an\u0131n\u0131 tutmamakta ve s\u00fcrekli de\u011fi\u015fmektedir.<\/p><\/div>\n<\/div>\n<div class=\"o9v6fnle cxmmr5t8 oygrvhab hcukyx3x c1et5uql ii04i59q\">\n<div dir=\"auto\">Haritalama \u00e7al\u0131\u015fmas\u0131nda, kentsel ba\u011flam i\u00e7erisinden g\u00f6ky\u00fcz\u00fc bir metabolizma olarak okunmu\u015ftur. G\u00f6\u011fe bakma haritas\u0131, bak\u0131\u015flar\u0131 tepetaklak ederek g\u00f6r\u00fcnmeyeni g\u00f6r\u00fcn\u00fcr k\u0131lma \u00e7abas\u0131ndad\u0131r. \u00c7al\u0131\u015fma alan\u0131, \u0130stanbul Be\u015fikta\u015f\u2019ta B\u00fcy\u00fckdere Caddesi\u2019ndeki g\u00f6kdelenler ile ba\u015flay\u0131p, Akaretlerdeki tarihi dokudan ge\u00e7erek, bo\u011faz ve sonsuz g\u00f6ky\u00fcz\u00fc ile bulu\u015fan \u00e7ok katmanl\u0131 bir rotad\u0131r. Bu rota \u00fczerinde g\u00f6ky\u00fcz\u00fc katmanlar\u0131 okunmu\u015f ve veriler haritaya i\u015flenmi\u015ftir. \u201cAn\u201dlar\u0131n haritas\u0131 diyebilece\u011fimiz bu organizasyonda bulutlar, ku\u015flar, g\u00f6ky\u00fcz\u00fc rengi, gece \u0131\u015f\u0131klar\u0131 ve ay\u0131n evrelerinden olu\u015fan katmanlar zaman\u0131n dondurularak okunmas\u0131yla haritalanm\u0131\u015ft\u0131r. Haritan\u0131n kendisi de ya\u015famakta olup, kolektif bir \u015fekilde ba\u015fka anlar\u0131n b\u00fcnyesine eklenmesine ve beslenmesine olanak sa\u011flamaktad\u0131r. Bu okumadaki en b\u00fcy\u00fck deneyim ve g\u00f6zlem, kentsel rutinde kimsenin g\u00f6ky\u00fcz\u00fcne bakmad\u0131\u011f\u0131 olmu\u015ftur. Sonu\u00e7 olarak olu\u015fturulan bu metabolik haritalaman\u0131n ba\u015fka yerlere uyarlanarak g\u00f6r\u00fcnmeyeni g\u00f6stermesi ve g\u00f6ky\u00fcz\u00fcn\u00fc okutmas\u0131 hedeflenmektedir.<\/div>\n<div dir=\"auto\"><\/div>\n<\/div>\n<hr \/>\n<p><img loading=\"lazy\" decoding=\"async\" class=\"size-large wp-image-9570 alignnone\" src=\"https:\/\/aura-istanbul.com\/wp-content\/uploads\/2021\/11\/g5-3-885x1024.jpg\" alt=\"\" width=\"885\" height=\"1024\" \/><\/p>\n<div class=\"kvgmc6g5 cxmmr5t8 oygrvhab hcukyx3x c1et5uql ii04i59q\">\n<div dir=\"auto\"><strong>Kolektif Bellek ve Hayal G\u00fcc\u00fc Aras\u0131nda: Kentin Bir Dizi Kurgusal ve Alegorik Tasviri<br \/>\n<\/strong>Melih G\u00fcrcan Kutsal, S\u00fcmeyra Didar Ak\u0131n, Mehmet Zeki DursunHaritalamada, kendi i\u00e7inde meta-fiziksel bir \u00e2lem olu\u015fturan kent i\u00e7in teorik bir \u015femaya ula\u015fmak ama\u00e7lan\u0131rken, s\u0131k\u0131\u015ft\u0131r\u0131lm\u0131\u015f varl\u0131\u011f\u0131 i\u00e7erisinde ge\u00e7mi\u015f, \u015fimdi ve gelecekten olu\u015fan \u2018zaman\u0131\u2019 nas\u0131l alg\u0131lad\u0131\u011f\u0131m\u0131z ana konseptlerden biri olarak ele al\u0131nd\u0131. Bu ba\u011flamda, kapsaml\u0131 bir sentez olu\u015fturabilmek i\u00e7in kartografik \u00e7al\u0131\u015fman\u0131n, kentin ay\u0131rt edici \u00f6zelliklerinin sadece mek\u00e2nsal olarak de\u011fil, ayn\u0131 zamanda zaman a\u00e7\u0131s\u0131ndan da analitik bir \u00fcretimini gerektirdi\u011fini belirtmek gerekir. Bu nedenle, bilin\u00e7 ve kolektif haf\u0131zadan olu\u015fan kentin mek\u00e2nsal varl\u0131\u011f\u0131n\u0131n da \u00f6tesini ke\u015ffedebilmek i\u00e7in, deneysel bir haritalama ortaya koymak, \u00e7al\u0131\u015fman\u0131n ana hedeflerinden biri olarak ifade edile bilinir. Dolay\u0131s\u0131yla, zaman ve mek\u00e2n alg\u0131s\u0131 bulan\u0131kla\u015faca\u011f\u0131ndan, metro hatt\u0131n\u0131n birincil eleman olarak se\u00e7ildi\u011fi, kentin temel unsurlar\u0131 ile \u2018locus\u2019, mimari, dil ve tarih kavramlar\u0131n\u0131n bir arada incelendi\u011fi ve neticesinde kolektif haf\u0131za ile hayal g\u00fcc\u00fc aras\u0131nda kentin mek\u00e2nsal tasvirinin olu\u015fturulaca\u011f\u0131 bu \u00e7al\u0131\u015fmay\u0131 \u201c\u00e7ok zamanl\u0131 haritac\u0131l\u0131k\u201d olarak adland\u0131rmak do\u011fru bir ad\u0131m olacakt\u0131r.<\/p>\n<hr \/>\n<p>&nbsp;<\/p>\n<\/div>\n<\/div>\n","protected":false},"excerpt":{"rendered":"<p>G\u00fcz&#8217;21 St\u00fcdyosu \u0131s\u0131nma at\u00f6lyesi \u00e7al\u0131\u015fmalar\u0131n\u0131 tamamlad\u0131! Y\u00fcr\u00fct\u00fcc\u00fclerimiz;\u00a0 Zuhal Kol, Carlos Zarco Sanz, Tuna Han Ko\u00e7, Zeynep Alt\u0131nba\u015fl\u0131 ve kat\u0131l\u0131mc\u0131lar\u0131m\u0131z ile d\u00f6nem boyunca \u201cMetabolik Ke\u015fifler \/ Metabolic Discoveries\u201d temas\u0131n\u0131n tart\u0131\u015f\u0131laca\u011f\u0131 st\u00fcdyoda, [&hellip;]<\/p>\n","protected":false},"author":7,"featured_media":9555,"comment_status":"closed","ping_status":"open","sticky":false,"template":"","format":"standard","meta":{"_acf_changed":false,"_seopress_robots_primary_cat":"","_seopress_titles_title":"AURA \u0130stanbul G\u00fcz 2020 D\u00f6nemi Is\u0131nma At\u00f6lyesi \u00c7al\u0131\u015fmalar\u0131n\u0131 Tamamlad\u0131! | %%sitetitle%%","_seopress_titles_desc":"Bireysel \u00e7al\u0131\u015fmalar \u00f6ncesi ger\u00e7ekle\u015fen son \u00e7al\u0131\u015fmada, iki ki\u015filik gruplar olu\u015fturuldu. Kat\u0131l\u0131mc\u0131lar\u0131m\u0131z, grup arkada\u015f\u0131n\u0131n ya\u015fad\u0131\u011f\u0131 \u015fehirde rastlad\u0131\u011f\u0131 ve tarifledi\u011fi bir bo\u015flu\u011fa m\u00fcdahaleler ger\u00e7ekle\u015ftirdi.","_seopress_robots_index":"","_price":"","_stock":"","_tribe_ticket_header":"","_tribe_default_ticket_provider":"","_tribe_ticket_capacity":"0","_ticket_start_date":"","_ticket_end_date":"","_tribe_ticket_show_description":"","_tribe_ticket_show_not_going":false,"_tribe_ticket_use_global_stock":"","_tribe_ticket_global_stock_level":"","_global_stock_mode":"","_global_stock_cap":"","_tribe_rsvp_for_event":"","_tribe_ticket_going_count":"","_tribe_ticket_not_going_count":"","_tribe_tickets_list":"[]","_tribe_ticket_has_attendee_info_fields":false,"_EventAllDay":false,"_EventTimezone":"","_EventStartDate":"","_EventEndDate":"","_EventStartDateUTC":"","_EventEndDateUTC":"","_EventShowMap":false,"_EventShowMapLink":false,"_EventURL":"","_EventCost":"","_EventCostDescription":"","_EventCurrencySymbol":"","_EventCurrencyCode":"","_EventCurrencyPosition":"","_EventDateTimeSeparator":"","_EventTimeRangeSeparator":"","_EventOrganizerID":[],"_EventVenueID":[],"_OrganizerEmail":"","_OrganizerPhone":"","_OrganizerWebsite":"","_VenueAddress":"","_VenueCity":"","_VenueCountry":"","_VenueProvince":"","_VenueState":"","_VenueZip":"","_VenuePhone":"","_VenueURL":"","_VenueStateProvince":"","_VenueLat":"","_VenueLng":"","_VenueShowMap":false,"_VenueShowMapLink":false,"footnotes":""},"categories":[128],"tags":[443,448,447,444,449,445,72,129],"class_list":["post-9537","post","type-post","status-publish","format-standard","has-post-thumbnail","hentry","category-sertifika-programi","tag-2020-guz-donemi","tag-boslugun-uretimi","tag-bosluk","tag-busra-al","tag-harita","tag-kentsel-form","tag-sertifika-programi","tag-sinan-logie"],"acf":[],"_links":{"self":[{"href":"https:\/\/aura-istanbul.com\/index.php\/wp-json\/wp\/v2\/posts\/9537","targetHints":{"allow":["GET"]}}],"collection":[{"href":"https:\/\/aura-istanbul.com\/index.php\/wp-json\/wp\/v2\/posts"}],"about":[{"href":"https:\/\/aura-istanbul.com\/index.php\/wp-json\/wp\/v2\/types\/post"}],"author":[{"embeddable":true,"href":"https:\/\/aura-istanbul.com\/index.php\/wp-json\/wp\/v2\/users\/7"}],"replies":[{"embeddable":true,"href":"https:\/\/aura-istanbul.com\/index.php\/wp-json\/wp\/v2\/comments?post=9537"}],"version-history":[{"count":10,"href":"https:\/\/aura-istanbul.com\/index.php\/wp-json\/wp\/v2\/posts\/9537\/revisions"}],"predecessor-version":[{"id":9586,"href":"https:\/\/aura-istanbul.com\/index.php\/wp-json\/wp\/v2\/posts\/9537\/revisions\/9586"}],"wp:featuredmedia":[{"embeddable":true,"href":"https:\/\/aura-istanbul.com\/index.php\/wp-json\/wp\/v2\/media\/9555"}],"wp:attachment":[{"href":"https:\/\/aura-istanbul.com\/index.php\/wp-json\/wp\/v2\/media?parent=9537"}],"wp:term":[{"taxonomy":"category","embeddable":true,"href":"https:\/\/aura-istanbul.com\/index.php\/wp-json\/wp\/v2\/categories?post=9537"},{"taxonomy":"post_tag","embeddable":true,"href":"https:\/\/aura-istanbul.com\/index.php\/wp-json\/wp\/v2\/tags?post=9537"}],"curies":[{"name":"wp","href":"https:\/\/api.w.org\/{rel}","templated":true}]}}